{"id":1005,"date":"2024-10-01T11:25:28","date_gmt":"2024-10-01T14:25:28","guid":{"rendered":"https:\/\/cicech.org\/?p=1005"},"modified":"2024-10-02T10:42:48","modified_gmt":"2024-10-02T13:42:48","slug":"unete-al-cluster-empresarial-de-la-provincia-del-chubut","status":"publish","type":"post","link":"https:\/\/cicech.org\/index.php\/2024\/10\/01\/unete-al-cluster-empresarial-de-la-provincia-del-chubut\/","title":{"rendered":"Cl\u00faster Empresarial"},"content":{"rendered":"\n<!DOCTYPE html>\n<html lang=\"es\">\n<head>\n    <meta charset=\"UTF-8\">\n    <meta name=\"viewport\" content=\"width=device-width, initial-scale=1.0\">\n    <title>\u00danete al Cl\u00faster Empresarial de la Provincia del Chubut<\/title>\n    <style>\n        body {\n            font-family: Arial, sans-serif;\n            line-height: 1.6;\n            margin: 0;\n            padding: 0;\n            background-color: #f4f4f4;\n            color: #333;\n        }\n        .container {\n            width: 90%;\n            max-width: 1200px;\n            margin: auto;\n            overflow: hidden;\n            padding: 20px;\n            background-color: #fff;\n        }\n        header {\n            background: #007BFF;\n            color: #fff;\n            padding: 20px 0;\n            text-align: center;\n        }\n        header h1 {\n            margin: 0;\n            font-size: 2em;\n        }\n        section {\n            margin: 20px 0;\n        }\n        h2 {\n            color: #007BFF;\n            border-bottom: 2px solid #007BFF;\n            padding-bottom: 5px;\n        }\n        ul {\n            list-style-type: disc;\n            margin-left: 20px;\n        }\n        .cta {\n            background: #28a745;\n            color: #fff;\n            padding: 15px;\n            text-align: center;\n            margin-top: 30px;\n            border-radius: 5px;\n        }\n        .cta h3 {\n            margin: 0;\n            font-size: 1.5em;\n        }\n        .cta p {\n            margin: 10px 0;\n        }\n        .cta a {\n            color: #fff;\n            text-decoration: underline;\n            font-weight: bold;\n        }\n        footer {\n            text-align: center;\n            padding: 10px 0;\n            background: #333;\n            color: #fff;\n            margin-top: 40px;\n        }\n        @media (max-width: 600px) {\n            header h1 {\n                font-size: 1.5em;\n            }\n            .cta h3 {\n                font-size: 1.2em;\n            }\n        }\n    <\/style>\n<\/head>\n<body>\n    <header>\n        <h1>\u00a1\u00danete al Cl\u00faster Empresarial de la Provincia del Chubut!<\/h1>\n    <\/header>\n\n    <div class=\"container\">\n        <section>\n            <p><strong>Buenos d\u00edas, emprendedores y empresarios de la regi\u00f3n.<\/strong><\/p>\n            <p>Este <strong>viernes 4 de octubre de 2024 a las 16:00 horas<\/strong>, en la sede de la <strong>Escuela T\u00e9cnica de CAMAD<\/strong> (Victoria de Eizaguirre 3125), se llevar\u00e1 a cabo la presentaci\u00f3n oficial del <strong>Cl\u00faster de Empresas de la Provincia del Chubut<\/strong>. Este evento, presidido por el Gobernador <strong>Ignacio Torres<\/strong>, es una oportunidad \u00fanica para todas las empresas inscriptas y para aquellas que a\u00fan desean sumarse a este ambicioso proyecto.<\/p>\n        <\/section>\n\n        <section>\n            <h2>\u00bfPor qu\u00e9 asistir?<\/h2>\n            <p>El cl\u00faster empresarial surge como una iniciativa clave para potenciar el desarrollo econ\u00f3mico de nuestra regi\u00f3n. Con m\u00e1s de <strong>200 empresas ya inscritas<\/strong> a trav\u00e9s de nuestras redes, este es el momento perfecto para que tu empresa forme parte de una red colaborativa que busca fortalecer sectores estrat\u00e9gicos como la <strong>construcci\u00f3n<\/strong> y el <strong>metalmec\u00e1nico<\/strong>, adem\u00e1s de aprovechar las ventajas del <strong>Puerto de Aguas Profundas de Puerto Madryn<\/strong>.<\/p>\n        <\/section>\n\n        <section>\n            <h2>L\u00edneas de Trabajo<\/h2>\n            <p>La colaboraci\u00f3n entre las empresas no solo fomenta el crecimiento individual, sino que tambi\u00e9n impulsa la econom\u00eda regional en su conjunto. Las principales l\u00edneas de trabajo del cl\u00faster incluyen:<\/p>\n            <ul>\n                <li><strong>Dise\u00f1o conjunto para el desarrollo del cl\u00faster de bienes y servicios:<\/strong> Coordinaci\u00f3n entre empresas para optimizar recursos y estrategias.<\/li>\n                <li><strong>Armonizaci\u00f3n tributaria:<\/strong> Creaci\u00f3n de reg\u00edmenes fiscales propios que faciliten el cumplimiento de obligaciones y optimicen los recursos.<\/li>\n                <li><strong>Fortalecimiento de la maquinaria:<\/strong> Renovaci\u00f3n y fortalecimiento de equipos clave mediante garant\u00edas bancarias locales.<\/li>\n                <li><strong>Subzona franca:<\/strong> Implementaci\u00f3n de una subzona franca en el Parque Industrial Chubut Norte, en Trelew, que aumentar\u00e1 la competitividad y atraer\u00e1 nuevas inversiones.<\/li>\n                <li><strong>Puerto de Aguas Profundas de Puerto Madryn:<\/strong> Integraci\u00f3n de este puerto estrat\u00e9gico para facilitar el comercio internacional, mejorar la log\u00edstica y atraer inversiones extranjeras, potenciando as\u00ed el crecimiento de las empresas locales.<\/li>\n            <\/ul>\n        <\/section>\n\n        <section>\n            <h2>Un Futuro Prometedor para la Regi\u00f3n<\/h2>\n            <p>La creaci\u00f3n de este cl\u00faster no solo beneficia a las empresas participantes, sino que tambi\u00e9n tiene un impacto positivo en la comunidad. Se prev\u00e9 un <strong>crecimiento econ\u00f3mico sostenido<\/strong>, generaci\u00f3n de empleo y capacitaci\u00f3n de profesionales para satisfacer la demanda de los nuevos proyectos, como el <strong>GNL-Punta Colorada<\/strong> en Sierra Grande, R\u00edo Negro.<\/p>\n        <\/section>\n\n        <section>\n            <h2>Participantes<\/h2>\n            <p>El evento contar\u00e1 con la presencia de <strong>autoridades del sector p\u00fablico, privado y acad\u00e9mico<\/strong>, quienes aportar\u00e1n su experiencia y visi\u00f3n para el \u00e9xito del cl\u00faster empresarial.<\/p>\n        <\/section>\n\n        <div class=\"cta\">\n            <h3>\u00a1No te lo Pierdas!<\/h3>\n            <p>La asistencia al evento es <strong>abierta a todas las empresas interesadas<\/strong> que buscan crecer y colaborar en un entorno din\u00e1mico y estrat\u00e9gico. Adem\u00e1s, todav\u00eda hay tiempo para inscribirse y formar parte de esta iniciativa que promete transformar el panorama empresarial de la provincia.<\/p>\n            <p><strong>Te esperamos este viernes 4 de octubre en la sede de la Escuela T\u00e9cnica de CAMAD, ubicada en Victoria de Eizaguirre 3125.<\/strong> No dejes pasar la oportunidad de ser parte del cambio y contribuir al desarrollo de nuestra querida Provincia del Chubut.<\/p>\n            <p>\u00a1Juntos construimos el futuro de la regi\u00f3n!<\/p>\n        <\/div>\n    <\/div>\n\n    <footer>\n        <p><\/p>\n    <\/footer>\n<\/body>\n<\/html>\n\n\n\n<p>Sumate : <a href=\"https:\/\/docs.google.com\/forms\/d\/e\/1FAIpQLSfplOH0XntgDS9C_qkKwX_s7O-FI53Oi8gdzQL37ORjrRfC0A\/viewform?ts=66ec9607\">https:\/\/docs.google.com\/forms\/d\/e\/1FAIpQLSfplOH0XntgDS9C_qkKwX_s7O-FI53Oi8gdzQL37ORjrRfC0A\/viewform?ts=66ec9607<\/a><\/p>\n","protected":false},"excerpt":{"rendered":"<p>\u00danete al Cl\u00faster Empresarial de la Provincia del Chubut \u00a1\u00danete al Cl\u00faster Empresarial de la Provincia del Chubut! Buenos d\u00edas, emprendedores y empresarios de la regi\u00f3n. Este viernes 4 de octubre de 2024 a las 16:00 horas, en la sede de la Escuela T\u00e9cnica de CAMAD (Victoria de Eizaguirre 3125), se llevar\u00e1 a cabo la [&hellip;]<\/p>\n","protected":false},"author":1,"featured_media":0,"comment_status":"open","ping_status":"open","sticky":false,"template":"","format":"standard","meta":{"om_disable_all_campaigns":false,"_monsterinsights_skip_tracking":false,"_monsterinsights_sitenote_active":false,"_monsterinsights_sitenote_note":"","_monsterinsights_sitenote_category":0},"categories":[14,12,5],"tags":[],"aioseo_notices":[],"_links":{"self":[{"href":"https:\/\/cicech.org\/index.php\/wp-json\/wp\/v2\/posts\/1005"}],"collection":[{"href":"https:\/\/cicech.org\/index.php\/wp-json\/wp\/v2\/posts"}],"about":[{"href":"https:\/\/cicech.org\/index.php\/wp-json\/wp\/v2\/types\/post"}],"author":[{"embeddable":true,"href":"https:\/\/cicech.org\/index.php\/wp-json\/wp\/v2\/users\/1"}],"replies":[{"embeddable":true,"href":"https:\/\/cicech.org\/index.php\/wp-json\/wp\/v2\/comments?post=1005"}],"version-history":[{"count":6,"href":"https:\/\/cicech.org\/index.php\/wp-json\/wp\/v2\/posts\/1005\/revisions"}],"predecessor-version":[{"id":1011,"href":"https:\/\/cicech.org\/index.php\/wp-json\/wp\/v2\/posts\/1005\/revisions\/1011"}],"wp:attachment":[{"href":"https:\/\/cicech.org\/index.php\/wp-json\/wp\/v2\/media?parent=1005"}],"wp:term":[{"taxonomy":"category","embeddable":true,"href":"https:\/\/cicech.org\/index.php\/wp-json\/wp\/v2\/categories?post=1005"},{"taxonomy":"post_tag","embeddable":true,"href":"https:\/\/cicech.org\/index.php\/wp-json\/wp\/v2\/tags?post=1005"}],"curies":[{"name":"wp","href":"https:\/\/api.w.org\/{rel}","templated":true}]}}