{"id":103,"date":"2023-08-10T19:54:53","date_gmt":"2023-08-10T22:54:53","guid":{"rendered":"https:\/\/cicech.org\/?p=103"},"modified":"2023-08-10T20:03:50","modified_gmt":"2023-08-10T23:03:50","slug":"reunion-estrategica-con-autoridades-del-aeropuerto-de-trelew-impulsando-el-turismo-y-el-transporte-de-cargas","status":"publish","type":"post","link":"https:\/\/cicech.org\/index.php\/2023\/08\/10\/reunion-estrategica-con-autoridades-del-aeropuerto-de-trelew-impulsando-el-turismo-y-el-transporte-de-cargas\/","title":{"rendered":"Reuni\u00f3n Estrat\u00e9gica con Autoridades del Aeropuerto de Trelew: Impulsando el Turismo y el Transporte de Cargas"},"content":{"rendered":"\n<figure class=\"wp-block-image size-full\"><img decoding=\"async\" loading=\"lazy\" width=\"1024\" height=\"634\" src=\"https:\/\/cicech.org\/wp-content\/uploads\/2023\/08\/230810aeropuerto.webp\" alt=\"\" class=\"wp-image-104\" srcset=\"https:\/\/cicech.org\/wp-content\/uploads\/2023\/08\/230810aeropuerto.webp 1024w, https:\/\/cicech.org\/wp-content\/uploads\/2023\/08\/230810aeropuerto-300x186.webp 300w, https:\/\/cicech.org\/wp-content\/uploads\/2023\/08\/230810aeropuerto-768x476.webp 768w\" sizes=\"(max-width: 1024px) 100vw, 1024px\" \/><\/figure>\n\n\n\n<p>En un esfuerzo concertado para fortalecer tanto el turismo como el transporte de cargas en nuestra regi\u00f3n, Felipe Fern\u00e1ndez y miembros de la comisi\u00f3n interna de turismo de la C\u00e1mara de Industria y Comercio del Este del Chubut (CICECH) se reunieron con autoridades clave del aeropuerto de Trelew.<\/p>\n\n\n\n<p>Este encuentro crucial, llevado a cabo el d\u00eda de hoy, tuvo como objetivo principal abordar la operatividad actual del aeropuerto, con un enfoque particular en su potencial para impulsar tanto el turismo como el transporte de cargas. Estuvieron presentes Ariel Perina, gerente de la divisi\u00f3n Aeropuertos de London Supply, Agust\u00edn Cifre, representante del ORSNA (Organismo de Regulaci\u00f3n del Sistema Nacional de Aeropuertos), y Ulises Literio de la ANAC (Administraci\u00f3n Nacional de Aviaci\u00f3n Civil).<\/p>\n\n\n\n<p>La reuni\u00f3n fue caracterizada por su ambiente constructivo y colaborativo. Se discutieron temas vitales como los trabajos en pista y balizamiento, confirmando que el aeropuerto est\u00e1 operativo al 100%. Adem\u00e1s, se abordaron los planes para solucionar inconvenientes en un sector del acceso a plataforma, con obras programadas para septiembre.<\/p>\n\n\n\n<p>Las autoridades subrayaron la importancia estrat\u00e9gica del aeropuerto de Trelew, no solo como un punto neur\u00e1lgico para el turismo, sino tambi\u00e9n como un centro vital para el transporte de cargas. Reconocieron el potencial de desarrollo y la necesidad de colaboraci\u00f3n entre el sector p\u00fablico y privado para maximizar su uso.<\/p>\n\n\n\n<p>Se expres\u00f3 una preocupaci\u00f3n compartida en cuanto a las frecuencias a\u00e9reas y se coincidi\u00f3 en que la pr\u00f3xima gesti\u00f3n a nivel municipal y provincial debe trabajar activamente para recuperar la actividad y atraer nuevas empresas. El aeropuerto est\u00e1 en condiciones \u00f3ptimas para operar hasta 6 vuelos simult\u00e1neos, lo que demuestra su capacidad para manejar tanto el tr\u00e1fico tur\u00edstico como el de cargas.<\/p>\n\n\n\n<p>Esta reuni\u00f3n representa un paso significativo en el camino hacia un turismo fortalecido y un sector de transporte de cargas m\u00e1s eficiente en Trelew. La CICECH y la comisi\u00f3n interna de turismo est\u00e1n comprometidos con trabajar en conjunto con las autoridades del aeropuerto y otros actores clave para asegurar que el aeropuerto de Trelew alcance su m\u00e1ximo potencial.<\/p>\n\n\n\n<p>Quedamos en contacto para futuras reuniones, con la determinaci\u00f3n y la visi\u00f3n necesarias para impulsar el desarrollo integral del aeropuerto. La colaboraci\u00f3n y la innovaci\u00f3n ser\u00e1n fundamentales en este esfuerzo conjunto para hacer de Trelew un centro pr\u00f3spero tanto para el turismo como para el transporte de cargas.<\/p>\n","protected":false},"excerpt":{"rendered":"<p>En un esfuerzo concertado para fortalecer tanto el turismo como el transporte de cargas en nuestra regi\u00f3n, Felipe Fern\u00e1ndez y miembros de la comisi\u00f3n interna de turismo de la C\u00e1mara de Industria y Comercio del Este del Chubut (CICECH) se reunieron con autoridades clave del aeropuerto de Trelew. Este encuentro crucial, llevado a cabo el [&hellip;]<\/p>\n","protected":false},"author":1,"featured_media":0,"comment_status":"open","ping_status":"open","sticky":false,"template":"","format":"standard","meta":{"om_disable_all_campaigns":false,"_monsterinsights_skip_tracking":false,"_monsterinsights_sitenote_active":false,"_monsterinsights_sitenote_note":"","_monsterinsights_sitenote_category":0},"categories":[5,7],"tags":[],"aioseo_notices":[],"_links":{"self":[{"href":"https:\/\/cicech.org\/index.php\/wp-json\/wp\/v2\/posts\/103"}],"collection":[{"href":"https:\/\/cicech.org\/index.php\/wp-json\/wp\/v2\/posts"}],"about":[{"href":"https:\/\/cicech.org\/index.php\/wp-json\/wp\/v2\/types\/post"}],"author":[{"embeddable":true,"href":"https:\/\/cicech.org\/index.php\/wp-json\/wp\/v2\/users\/1"}],"replies":[{"embeddable":true,"href":"https:\/\/cicech.org\/index.php\/wp-json\/wp\/v2\/comments?post=103"}],"version-history":[{"count":1,"href":"https:\/\/cicech.org\/index.php\/wp-json\/wp\/v2\/posts\/103\/revisions"}],"predecessor-version":[{"id":105,"href":"https:\/\/cicech.org\/index.php\/wp-json\/wp\/v2\/posts\/103\/revisions\/105"}],"wp:attachment":[{"href":"https:\/\/cicech.org\/index.php\/wp-json\/wp\/v2\/media?parent=103"}],"wp:term":[{"taxonomy":"category","embeddable":true,"href":"https:\/\/cicech.org\/index.php\/wp-json\/wp\/v2\/categories?post=103"},{"taxonomy":"post_tag","embeddable":true,"href":"https:\/\/cicech.org\/index.php\/wp-json\/wp\/v2\/tags?post=103"}],"curies":[{"name":"wp","href":"https:\/\/api.w.org\/{rel}","templated":true}]}}