{"id":1128,"date":"2024-12-06T11:40:24","date_gmt":"2024-12-06T14:40:24","guid":{"rendered":"https:\/\/cicech.org\/?p=1128"},"modified":"2024-12-06T11:40:24","modified_gmt":"2024-12-06T14:40:24","slug":"seguridad-garantizada-para-la-noche-de-los-comercios-en-trelew","status":"publish","type":"post","link":"https:\/\/cicech.org\/index.php\/2024\/12\/06\/seguridad-garantizada-para-la-noche-de-los-comercios-en-trelew\/","title":{"rendered":"Seguridad Garantizada para la Noche de los Comercios en Trelew"},"content":{"rendered":"\n<p>En el marco de los preparativos para <strong>la gran &#8220;Noche de los Comercios&#8221;<\/strong> en Trelew, miembros del directorio de la <strong>CICECH<\/strong> se reunieron con el jefe y subjefe de la polic\u00eda, as\u00ed como con el responsable de seguridad de la Municipalidad de Trelew. Esta importante reuni\u00f3n tuvo como objetivo garantizar la <strong>tranquilidad y el disfrute de todos los vecinos <\/strong>y visitantes durante el evento que se llevar\u00e1 a cabo el pr\u00f3ximo 20 de diciembre.<\/p>\n\n\n\n<figure class=\"wp-block-image size-large\"><img decoding=\"async\" loading=\"lazy\" width=\"1024\" height=\"768\" src=\"https:\/\/cicech.org\/wp-content\/uploads\/2024\/12\/241203Seguridad-1024x768.jpg\" alt=\"\" class=\"wp-image-1129\" srcset=\"https:\/\/cicech.org\/wp-content\/uploads\/2024\/12\/241203Seguridad-1024x768.jpg 1024w, https:\/\/cicech.org\/wp-content\/uploads\/2024\/12\/241203Seguridad-300x225.jpg 300w, https:\/\/cicech.org\/wp-content\/uploads\/2024\/12\/241203Seguridad-768x576.jpg 768w, https:\/\/cicech.org\/wp-content\/uploads\/2024\/12\/241203Seguridad-1536x1152.jpg 1536w, https:\/\/cicech.org\/wp-content\/uploads\/2024\/12\/241203Seguridad.jpg 1600w\" sizes=\"(max-width: 1024px) 100vw, 1024px\" \/><\/figure>\n\n\n\n<p>La <strong>&#8220;Noche de los Comercios&#8221;<\/strong> promete ser una velada llena de alegr\u00eda, con los <strong>comercios del centro<\/strong> extendiendo su horario de apertura hasta las 23:00, ofreciendo promociones especiales, espect\u00e1culos para toda la familia y una variada propuesta gastron\u00f3mica que har\u00e1 del paseo una experiencia completa. Adem\u00e1s, el Museo Paleontol\u00f3gico Egidio Feruglio (MEF) se sumar\u00e1 a las actividades, brindando una oferta cultural \u00fanica para quienes decidan acercarse.<\/p>\n\n\n\n<p>Desde <strong>CICECH<\/strong> y las autoridades de seguridad se trabaja intensamente para que este evento se desarrolle en un ambiente seguro y c\u00e1lido. Los esfuerzos conjuntos con la Polic\u00eda y la Municipalidad buscan garantizar la seguridad de todos los asistentes, para que las familias puedan disfrutar sin preocupaciones de una noche especial en el centro de Trelew.<\/p>\n\n\n\n<figure class=\"wp-block-image size-large\"><img decoding=\"async\" loading=\"lazy\" width=\"819\" height=\"1024\" src=\"https:\/\/cicech.org\/wp-content\/uploads\/2024\/12\/241206NocheComercios-819x1024.jpg\" alt=\"\" class=\"wp-image-1130\" srcset=\"https:\/\/cicech.org\/wp-content\/uploads\/2024\/12\/241206NocheComercios-819x1024.jpg 819w, https:\/\/cicech.org\/wp-content\/uploads\/2024\/12\/241206NocheComercios-240x300.jpg 240w, https:\/\/cicech.org\/wp-content\/uploads\/2024\/12\/241206NocheComercios-768x960.jpg 768w, https:\/\/cicech.org\/wp-content\/uploads\/2024\/12\/241206NocheComercios.jpg 1080w\" sizes=\"(max-width: 819px) 100vw, 819px\" \/><\/figure>\n\n\n\n<p>Invitamos a todos a sumarse y ser parte de esta fiesta, donde la comunidad se encuentra para celebrar y disfrutar del comercio local, los sabores de la ciudad y la cultura que nos caracteriza. \u00a1Nos vemos el 20 de diciembre para compartir una noche inolvidable en Trelew!<\/p>\n","protected":false},"excerpt":{"rendered":"<p>En el marco de los preparativos para la gran &#8220;Noche de los Comercios&#8221; en Trelew, miembros del directorio de la CICECH se reunieron con el jefe y subjefe de la polic\u00eda, as\u00ed como con el responsable de seguridad de la Municipalidad de Trelew. Esta importante reuni\u00f3n tuvo como objetivo garantizar la tranquilidad y el disfrute [&hellip;]<\/p>\n","protected":false},"author":1,"featured_media":0,"comment_status":"open","ping_status":"open","sticky":false,"template":"","format":"standard","meta":{"om_disable_all_campaigns":false,"_monsterinsights_skip_tracking":false,"_monsterinsights_sitenote_active":false,"_monsterinsights_sitenote_note":"","_monsterinsights_sitenote_category":0},"categories":[13,5,7],"tags":[],"aioseo_notices":[],"_links":{"self":[{"href":"https:\/\/cicech.org\/index.php\/wp-json\/wp\/v2\/posts\/1128"}],"collection":[{"href":"https:\/\/cicech.org\/index.php\/wp-json\/wp\/v2\/posts"}],"about":[{"href":"https:\/\/cicech.org\/index.php\/wp-json\/wp\/v2\/types\/post"}],"author":[{"embeddable":true,"href":"https:\/\/cicech.org\/index.php\/wp-json\/wp\/v2\/users\/1"}],"replies":[{"embeddable":true,"href":"https:\/\/cicech.org\/index.php\/wp-json\/wp\/v2\/comments?post=1128"}],"version-history":[{"count":1,"href":"https:\/\/cicech.org\/index.php\/wp-json\/wp\/v2\/posts\/1128\/revisions"}],"predecessor-version":[{"id":1131,"href":"https:\/\/cicech.org\/index.php\/wp-json\/wp\/v2\/posts\/1128\/revisions\/1131"}],"wp:attachment":[{"href":"https:\/\/cicech.org\/index.php\/wp-json\/wp\/v2\/media?parent=1128"}],"wp:term":[{"taxonomy":"category","embeddable":true,"href":"https:\/\/cicech.org\/index.php\/wp-json\/wp\/v2\/categories?post=1128"},{"taxonomy":"post_tag","embeddable":true,"href":"https:\/\/cicech.org\/index.php\/wp-json\/wp\/v2\/tags?post=1128"}],"curies":[{"name":"wp","href":"https:\/\/api.w.org\/{rel}","templated":true}]}}