{"id":118,"date":"2023-08-17T11:59:26","date_gmt":"2023-08-17T14:59:26","guid":{"rendered":"https:\/\/cicech.org\/?p=118"},"modified":"2023-08-17T12:01:10","modified_gmt":"2023-08-17T15:01:10","slug":"conmemoracion-del-17-de-agosto-recordando-al-libertador-de-america-general-san-martin","status":"publish","type":"post","link":"https:\/\/cicech.org\/index.php\/2023\/08\/17\/conmemoracion-del-17-de-agosto-recordando-al-libertador-de-america-general-san-martin\/","title":{"rendered":"Conmemoraci\u00f3n del 17 de Agosto: Recordando al Libertador de Am\u00e9rica, General San Mart\u00edn"},"content":{"rendered":"\n<figure class=\"wp-block-image size-full\"><img decoding=\"async\" loading=\"lazy\" width=\"799\" height=\"533\" src=\"https:\/\/cicech.org\/wp-content\/uploads\/2023\/08\/230817SanMartin.jpg\" alt=\"\" class=\"wp-image-119\" srcset=\"https:\/\/cicech.org\/wp-content\/uploads\/2023\/08\/230817SanMartin.jpg 799w, https:\/\/cicech.org\/wp-content\/uploads\/2023\/08\/230817SanMartin-300x200.jpg 300w, https:\/\/cicech.org\/wp-content\/uploads\/2023\/08\/230817SanMartin-768x512.jpg 768w\" sizes=\"(max-width: 799px) 100vw, 799px\" \/><\/figure>\n\n\n\n<p>Desde la C\u00e1mara de Industria y Comercio del Este del Chubut (CICECH), nos unimos a la naci\u00f3n en conmemorar este 17 de agosto, una fecha que resuena en los corazones de todos los argentinos. En este d\u00eda, recordamos el Paso a la Inmortalidad del General Jos\u00e9 de San Mart\u00edn, el llamado Libertador de Am\u00e9rica.<\/p>\n\n\n\n<p>La figura de San Mart\u00edn trasciende las fronteras de nuestro pa\u00eds, siendo un s\u00edmbolo de libertad y justicia en toda Am\u00e9rica Latina. Su contribuci\u00f3n a la independencia colonial de la Argentina, Chile y Per\u00fa lo convierte en uno de los h\u00e9roes m\u00e1s destacados de nuestra historia.<\/p>\n\n\n\n<p>Nacido en 1778 en Yapey\u00fa, Corrientes, San Mart\u00edn dedic\u00f3 su vida a la causa de la libertad. Su liderazgo y visi\u00f3n estrat\u00e9gica fueron fundamentales en la lucha por la independencia de los territorios sudamericanos bajo dominio espa\u00f1ol.<\/p>\n\n\n\n<p>El 17 de agosto de 1850, a sus 72 a\u00f1os, San Mart\u00edn falleci\u00f3 en la ciudad francesa de Boulogne-Sur-Mer. Esta fecha marc\u00f3 la \u00faltima parada de un largo exilio europeo que hab\u00eda comenzado en 1824, tras su renuncia a la vida p\u00fablica en Argentina.<\/p>\n\n\n\n<p>La vida y legado de San Mart\u00edn son un recordatorio constante de los ideales de libertad, igualdad y fraternidad. Sus ense\u00f1anzas y valores contin\u00faan inspirando a generaciones de argentinos en la b\u00fasqueda de un pa\u00eds m\u00e1s justo y solidario.<\/p>\n\n\n\n<p>En la CICECH, reconocemos la importancia de mantener viva la memoria de figuras hist\u00f3ricas como San Mart\u00edn. Su compromiso con la causa de la independencia y su amor por la patria son un ejemplo a seguir en nuestra labor diaria.<\/p>\n\n\n\n<p>En este d\u00eda especial, invitamos a todos nuestros socios y a la comunidad en general a reflexionar sobre el legado de San Mart\u00edn y a honrar su memoria con acciones que promuevan la unidad, el respeto y la colaboraci\u00f3n entre todos los argentinos.<\/p>\n\n\n\n<p>Que el esp\u00edritu del Libertador de Am\u00e9rica nos gu\u00ede en nuestro camino hacia un futuro m\u00e1s pr\u00f3spero y equitativo.<\/p>\n","protected":false},"excerpt":{"rendered":"<p>Desde la C\u00e1mara de Industria y Comercio del Este del Chubut (CICECH), nos unimos a la naci\u00f3n en conmemorar este 17 de agosto, una fecha que resuena en los corazones de todos los argentinos. En este d\u00eda, recordamos el Paso a la Inmortalidad del General Jos\u00e9 de San Mart\u00edn, el llamado Libertador de Am\u00e9rica. La [&hellip;]<\/p>\n","protected":false},"author":1,"featured_media":0,"comment_status":"open","ping_status":"open","sticky":false,"template":"","format":"standard","meta":{"om_disable_all_campaigns":false,"_monsterinsights_skip_tracking":false,"_monsterinsights_sitenote_active":false,"_monsterinsights_sitenote_note":"","_monsterinsights_sitenote_category":0},"categories":[10],"tags":[],"aioseo_notices":[],"_links":{"self":[{"href":"https:\/\/cicech.org\/index.php\/wp-json\/wp\/v2\/posts\/118"}],"collection":[{"href":"https:\/\/cicech.org\/index.php\/wp-json\/wp\/v2\/posts"}],"about":[{"href":"https:\/\/cicech.org\/index.php\/wp-json\/wp\/v2\/types\/post"}],"author":[{"embeddable":true,"href":"https:\/\/cicech.org\/index.php\/wp-json\/wp\/v2\/users\/1"}],"replies":[{"embeddable":true,"href":"https:\/\/cicech.org\/index.php\/wp-json\/wp\/v2\/comments?post=118"}],"version-history":[{"count":1,"href":"https:\/\/cicech.org\/index.php\/wp-json\/wp\/v2\/posts\/118\/revisions"}],"predecessor-version":[{"id":120,"href":"https:\/\/cicech.org\/index.php\/wp-json\/wp\/v2\/posts\/118\/revisions\/120"}],"wp:attachment":[{"href":"https:\/\/cicech.org\/index.php\/wp-json\/wp\/v2\/media?parent=118"}],"wp:term":[{"taxonomy":"category","embeddable":true,"href":"https:\/\/cicech.org\/index.php\/wp-json\/wp\/v2\/categories?post=118"},{"taxonomy":"post_tag","embeddable":true,"href":"https:\/\/cicech.org\/index.php\/wp-json\/wp\/v2\/tags?post=118"}],"curies":[{"name":"wp","href":"https:\/\/api.w.org\/{rel}","templated":true}]}}