{"id":1213,"date":"2025-05-23T06:09:30","date_gmt":"2025-05-23T09:09:30","guid":{"rendered":"https:\/\/cicech.org\/?p=1213"},"modified":"2025-05-23T06:10:07","modified_gmt":"2025-05-23T09:10:07","slug":"cicech-presente-en-rawson-para-el-lanzamiento-de-creando-capacidades-locales","status":"publish","type":"post","link":"https:\/\/cicech.org\/index.php\/2025\/05\/23\/cicech-presente-en-rawson-para-el-lanzamiento-de-creando-capacidades-locales\/","title":{"rendered":"CICECH presente en Rawson para el lanzamiento de \u201cCreando Capacidades Locales\u201d"},"content":{"rendered":"\n<p>Como representantes de la C\u00e1mara de Industria y Comercio del Este del Chubut (CICECH), estuvimos presentes y nos reunimos con el secretario PyME, Marcos Ayerra, en Rawson, para acompa\u00f1ar el lanzamiento del programa <strong>\u201cCreando Capacidades Locales\u201d<\/strong>, una iniciativa conjunta del Gobierno del Chubut y la Secretar\u00eda de la Peque\u00f1a y Mediana Empresa, Emprendedores y Econom\u00eda del Conocimiento del Ministerio de Econom\u00eda de la Naci\u00f3n.<\/p>\n\n\n\n<figure class=\"wp-block-image size-large\"><img decoding=\"async\" loading=\"lazy\" width=\"1024\" height=\"768\" src=\"https:\/\/cicech.org\/wp-content\/uploads\/2025\/05\/250522Capacitar1-1024x768.jpg\" alt=\"\" class=\"wp-image-1214\" srcset=\"https:\/\/cicech.org\/wp-content\/uploads\/2025\/05\/250522Capacitar1-1024x768.jpg 1024w, https:\/\/cicech.org\/wp-content\/uploads\/2025\/05\/250522Capacitar1-300x225.jpg 300w, https:\/\/cicech.org\/wp-content\/uploads\/2025\/05\/250522Capacitar1-768x576.jpg 768w, https:\/\/cicech.org\/wp-content\/uploads\/2025\/05\/250522Capacitar1-1536x1152.jpg 1536w, https:\/\/cicech.org\/wp-content\/uploads\/2025\/05\/250522Capacitar1.jpg 1600w\" sizes=\"(max-width: 1024px) 100vw, 1024px\" \/><\/figure>\n\n\n\n<p>En el <strong>Sal\u00f3n de Usos M\u00faltiples de la Administraci\u00f3n de Vialidad Provincial<\/strong>, ante un auditorio colmado de referentes del sector p\u00fablico y privado, se present\u00f3 una propuesta dise\u00f1ada para <strong>potenciar el empleo<\/strong> y el <strong>desarrollo emprendedor<\/strong> en la provincia. Este programa articula <strong>trayectos formativos<\/strong> y <strong>estrategias de vinculaci\u00f3n<\/strong> con el sector productivo, ajustados a los perfiles prioritarios y a los desaf\u00edos locales de Chubut.<\/p>\n\n\n\n<p>Los <strong>contenidos<\/strong>, elaborados de manera colaborativa entre equipos de la plataforma Capacitar del Ministerio de Econom\u00eda de la Naci\u00f3n y referentes estrat\u00e9gicos provinciales, abarcan desde <strong>habilidades blandas<\/strong> y <strong>atenci\u00f3n al cliente<\/strong>, hasta <strong>programaci\u00f3n<\/strong>, <strong>automatizaci\u00f3n industrial<\/strong> y <strong>gesti\u00f3n de nuevos emprendimientos<\/strong>. Gracias a ello, quienes participen podr\u00e1n acceder a herramientas para mejorar su competitividad y adaptarse a las demandas actuales del mercado laboral.<\/p>\n\n\n\n<p>\u201cCreando Capacidades Locales\u201d se vincula adem\u00e1s con otros programas de empleabilidad: el <strong>Programa de Inserci\u00f3n Laboral (PIL)<\/strong>, el <strong>Programa de Acciones de Entrenamiento para el Trabajo (EPT)<\/strong> y el programa <strong>Insertar<\/strong>, al que Chubut adhiri\u00f3 recientemente. De este modo, se asegura un acompa\u00f1amiento integral que va desde la formaci\u00f3n hasta la inserci\u00f3n efectiva de los participantes en empresas y proyectos.<\/p>\n\n\n\n<figure class=\"wp-block-image size-large\"><img decoding=\"async\" loading=\"lazy\" width=\"768\" height=\"1024\" src=\"https:\/\/cicech.org\/wp-content\/uploads\/2025\/05\/230523Capacitar2-768x1024.jpg\" alt=\"\" class=\"wp-image-1215\" srcset=\"https:\/\/cicech.org\/wp-content\/uploads\/2025\/05\/230523Capacitar2-768x1024.jpg 768w, https:\/\/cicech.org\/wp-content\/uploads\/2025\/05\/230523Capacitar2-225x300.jpg 225w, https:\/\/cicech.org\/wp-content\/uploads\/2025\/05\/230523Capacitar2-1152x1536.jpg 1152w, https:\/\/cicech.org\/wp-content\/uploads\/2025\/05\/230523Capacitar2.jpg 1200w\" sizes=\"(max-width: 768px) 100vw, 768px\" \/><\/figure>\n\n\n\n<p>Durante el acto, <strong>se present\u00f3 la plataforma Capacitar<\/strong>, que ofrece m\u00e1s de 500 cursos gratuitos \u2014en su mayor\u00eda brindados por empresas del sector privado\u2014, y se desarroll\u00f3 un <strong>panel de di\u00e1logo<\/strong> con voces del \u00e1mbito p\u00fablico y privado. Como cierre, un <strong>Conversatorio PyME<\/strong> junto a la Federaci\u00f3n Econ\u00f3mica del Chubut y la Confederaci\u00f3n Argentina de la Mediana Empresa (CAME) permiti\u00f3 profundizar sobre oportunidades, desaf\u00edos y nuevas l\u00edneas de trabajo conjunto para fortalecer el entramado productivo regional.<\/p>\n\n\n\n<p>Accede a la secci\u00f3n para Chubut del programa: <a href=\"https:\/\/www.argentina.gob.ar\/economia\/pymes-emprendedores-y-economia-del-conocimiento\/capacitar\/mi-provincia-chubut\">Mi provincia: Chubut | Argentina.gob.ar<\/a><\/p>\n\n\n\n<p>Entre las autoridades que acompa\u00f1aron el lanzamiento estuvieron la ministra de Producci\u00f3n del Chubut, <strong>Laura Mirantes<\/strong>; el secretario de Ciencia y Tecnolog\u00eda provincial, <strong>Guillermo Defoss\u00e9<\/strong>; y el presidente de la Federaci\u00f3n Empresaria del Chubut, <strong>Carlos Lorenzo<\/strong>, adem\u00e1s de otros funcionarios nacionales y provinciales. Con Chubut convertida en la quinta provincia en sumarse a esta iniciativa \u2014tras Chaco, Entre R\u00edos, Neuqu\u00e9n y Salta\u2014, se consolida una red federal orientada a <strong>impulsar el desarrollo local<\/strong> y el <strong>fomento de la innovaci\u00f3n<\/strong> en todo el pa\u00eds.<\/p>\n","protected":false},"excerpt":{"rendered":"<p>Como representantes de la C\u00e1mara de Industria y Comercio del Este del Chubut (CICECH), estuvimos presentes y nos reunimos con el secretario PyME, Marcos Ayerra, en Rawson, para acompa\u00f1ar el lanzamiento del programa \u201cCreando Capacidades Locales\u201d, una iniciativa conjunta del Gobierno del Chubut y la Secretar\u00eda de la Peque\u00f1a y Mediana Empresa, Emprendedores y Econom\u00eda [&hellip;]<\/p>\n","protected":false},"author":1,"featured_media":0,"comment_status":"open","ping_status":"open","sticky":false,"template":"","format":"standard","meta":{"om_disable_all_campaigns":false,"_monsterinsights_skip_tracking":false,"_monsterinsights_sitenote_active":false,"_monsterinsights_sitenote_note":"","_monsterinsights_sitenote_category":0},"categories":[14,12,5,6],"tags":[],"aioseo_notices":[],"_links":{"self":[{"href":"https:\/\/cicech.org\/index.php\/wp-json\/wp\/v2\/posts\/1213"}],"collection":[{"href":"https:\/\/cicech.org\/index.php\/wp-json\/wp\/v2\/posts"}],"about":[{"href":"https:\/\/cicech.org\/index.php\/wp-json\/wp\/v2\/types\/post"}],"author":[{"embeddable":true,"href":"https:\/\/cicech.org\/index.php\/wp-json\/wp\/v2\/users\/1"}],"replies":[{"embeddable":true,"href":"https:\/\/cicech.org\/index.php\/wp-json\/wp\/v2\/comments?post=1213"}],"version-history":[{"count":1,"href":"https:\/\/cicech.org\/index.php\/wp-json\/wp\/v2\/posts\/1213\/revisions"}],"predecessor-version":[{"id":1216,"href":"https:\/\/cicech.org\/index.php\/wp-json\/wp\/v2\/posts\/1213\/revisions\/1216"}],"wp:attachment":[{"href":"https:\/\/cicech.org\/index.php\/wp-json\/wp\/v2\/media?parent=1213"}],"wp:term":[{"taxonomy":"category","embeddable":true,"href":"https:\/\/cicech.org\/index.php\/wp-json\/wp\/v2\/categories?post=1213"},{"taxonomy":"post_tag","embeddable":true,"href":"https:\/\/cicech.org\/index.php\/wp-json\/wp\/v2\/tags?post=1213"}],"curies":[{"name":"wp","href":"https:\/\/api.w.org\/{rel}","templated":true}]}}