{"id":1217,"date":"2025-06-02T17:07:23","date_gmt":"2025-06-02T20:07:23","guid":{"rendered":"https:\/\/cicech.org\/?p=1217"},"modified":"2025-06-02T17:07:24","modified_gmt":"2025-06-02T20:07:24","slug":"centros-comerciales-a-cielo-abierto-una-iniciativa-conjunta-de-cicech-came-y-el-municipio-de-trelew","status":"publish","type":"post","link":"https:\/\/cicech.org\/index.php\/2025\/06\/02\/centros-comerciales-a-cielo-abierto-una-iniciativa-conjunta-de-cicech-came-y-el-municipio-de-trelew\/","title":{"rendered":"Centros Comerciales a Cielo Abierto: una iniciativa conjunta de CICECH, CAME y el Municipio de Trelew"},"content":{"rendered":"\n<p>El jueves 15 de mayo de 2025 qued\u00f3 marcado como una jornada de encuentro y consenso para el futuro del comercio en Trelew. En esta fecha, miembros del directorio de la C\u00e1mara de Industria y Comercio del Este del Chubut (CICECH) se reunieron con la arquitecta Nora Larrosa, en representaci\u00f3n de la Confederaci\u00f3n Argentina de la Mediana Empresa (CAME), y con funcionarios de distintas \u00e1reas del Municipio de Trelew. El objetivo principal fue avanzar en la concreci\u00f3n del <strong>proyecto de Centros Comerciales a Cielo Abierto<\/strong>, dise\u00f1ado para revitalizar la actividad econ\u00f3mica del centro de la ciudad.<\/p>\n\n\n\n<figure class=\"wp-block-image size-large\"><img decoding=\"async\" loading=\"lazy\" width=\"1024\" height=\"768\" src=\"https:\/\/cicech.org\/wp-content\/uploads\/2025\/06\/250517CCA-1024x768.jpg\" alt=\"\" class=\"wp-image-1219\" srcset=\"https:\/\/cicech.org\/wp-content\/uploads\/2025\/06\/250517CCA-1024x768.jpg 1024w, https:\/\/cicech.org\/wp-content\/uploads\/2025\/06\/250517CCA-300x225.jpg 300w, https:\/\/cicech.org\/wp-content\/uploads\/2025\/06\/250517CCA-768x576.jpg 768w, https:\/\/cicech.org\/wp-content\/uploads\/2025\/06\/250517CCA.jpg 1280w\" sizes=\"(max-width: 1024px) 100vw, 1024px\" \/><\/figure>\n\n\n\n<h3 class=\"wp-block-heading\">1. Una alianza estrat\u00e9gica entre CICECH, CAME y el Municipio<\/h3>\n\n\n\n<p>Este proyecto surge de la colaboraci\u00f3n estrecha entre:<\/p>\n\n\n\n<ul>\n<li><strong>CICECH<\/strong>, que aporta el v\u00ednculo directo con los comerciantes locales y la experiencia en la coordinaci\u00f3n de iniciativas productivas.<\/li>\n\n\n\n<li><strong>CAME<\/strong>, representada por la arquitecta Nora Larrosa, encargada de la planificaci\u00f3n urbana y del asesoramiento en desarrollo de espacios comerciales a gran escala.<\/li>\n\n\n\n<li><strong>El Municipio de Trelew<\/strong>, que participa con sus \u00e1reas de Desarrollo Urbano, Planeamiento y Obras P\u00fablicas, brindando el respaldo institucional necesario para tramitar permisos, articular subsidios y ejecutar obras de infraestructura.<\/li>\n<\/ul>\n\n\n\n<p>La presencia de los tres actores garantiza que el proyecto no solo contemple una visi\u00f3n comercial, sino tambi\u00e9n una dimensi\u00f3n urban\u00edstica y social, con el aval pol\u00edtico y administrativo de la ciudad.<\/p>\n\n\n\n<h3 class=\"wp-block-heading\">2. \u00bfQu\u00e9 son los Centros Comerciales a Cielo Abierto?<\/h3>\n\n\n\n<p>Un Centro Comercial a Cielo Abierto consiste en delimitar un conjunto de cuadras c\u00e9ntricas para convertirlas en un espacio p\u00fablico peatonalizado, donde los locales y negocios conviven en un ambiente integrado, con mejoras en infraestructura y acciones de promoci\u00f3n permanente. Algunas caracter\u00edsticas fundamentales:<\/p>\n\n\n\n<ul>\n<li><strong>Delimitaci\u00f3n f\u00edsica<\/strong>: calles espec\u00edficas del microcentro se transforman en corredores comerciales, con veredas ampliadas, se\u00f1al\u00e9tica clara y mobiliario urbano uniforme.<\/li>\n\n\n\n<li><strong>Circulaci\u00f3n y accesibilidad<\/strong>: priorizaci\u00f3n del tr\u00e1nsito peatonal y de ciclistas, con soluciones de accesibilidad universal para personas con movilidad reducida.<\/li>\n\n\n\n<li><strong>Sinergia comercial<\/strong>: se incentiva que los comercios agrupados coordinen ofertas, promociones y actividades conjuntas, para generar un flujo constante de p\u00fablico.<\/li>\n\n\n\n<li><strong>Espacios de encuentro<\/strong>: se incorporan zonas de descanso, espacios verdes y \u00e1reas para eventos culturales \u2014artesan\u00edas, exposiciones y ferias\u2014 que complementan la propuesta de compra.<\/li>\n<\/ul>\n\n\n\n<p>Para Trelew, esto implica articular una transformaci\u00f3n urbana que, a la vez, signifique reactivar la econom\u00eda local y mejorar la calidad del espacio p\u00fablico.<\/p>\n\n\n\n<h3 class=\"wp-block-heading\">3. Recorrido t\u00e9cnico por las cuadras seleccionadas<\/h3>\n\n\n\n<p>Como parte de la reuni\u00f3n, el grupo realiz\u00f3 un recorrido guiado por distintas cuadras del centro de Trelew. Este relevamiento permiti\u00f3:<\/p>\n\n\n\n<ul>\n<li><strong>Identificar las manzanas a incluir<\/strong>. Se determinaron, por ejemplo, las calles 25 de Mayo, Mitre, Rivadavia y Fontana como ejes principales del futuro Centro Comercial a Cielo Abierto.<\/li>\n\n\n\n<li><strong>Evaluar condiciones actuales<\/strong>. Los equipos municipales y de CAME inspeccionaron el estado de veredas, pavimento, iluminaci\u00f3n y fachadas, registrando puntos cr\u00edticos que requieren intervenci\u00f3n inmediata.<\/li>\n\n\n\n<li><strong>Detectar oportunidades r\u00e1pidas<\/strong>. Se definieron mejoras puntuales \u2014limpieza urbana, pintura de fachadas, colocaci\u00f3n de balizamiento\u2014 que puedan implementarse antes del inicio de obras mayores para visibilizar el proyecto desde el primer d\u00eda.<\/li>\n<\/ul>\n\n\n\n<p>Este diagn\u00f3stico conjunto, fruto del trabajo coordinado entre CICECH, CAME y el Municipio de Trelew, establece una hoja de ruta de corto plazo y traza la hoja de ruta para los siguientes meses.<\/p>\n\n\n\n<h3 class=\"wp-block-heading\">4. Acciones inmediatas para iniciar el proyecto<\/h3>\n\n\n\n<p>Aunque la visi\u00f3n es de largo plazo, ya se establecieron medidas concretas a ejecutar en las pr\u00f3ximas semanas:<\/p>\n\n\n\n<ol>\n<li><strong>Delimitaci\u00f3n oficial de las cuadras<\/strong>\n<ul>\n<li>Colocaci\u00f3n de se\u00f1al\u00e9tica urbana provisional para marcar los per\u00edmetros del Centro Comercial a Cielo Abierto.<\/li>\n\n\n\n<li>Colocaci\u00f3n de cintas y carteles informativos en las veredas para que comerciantes y vecinos tomen conciencia del alcance del proyecto.<\/li>\n<\/ul>\n<\/li>\n\n\n\n<li><strong>Limpieza y embellecimiento urbano<\/strong>\n<ul>\n<li>Trabajo conjunto con Obras P\u00fablicas para limpieza profunda de calzadas y veredas.<\/li>\n\n\n\n<li>Pintura de fachadas y restauraci\u00f3n de veredas deterioradas, con apoyo t\u00e9cnico de la Gerencia de Infraestructura Municipal.<\/li>\n<\/ul>\n<\/li>\n\n\n\n<li><strong>Relevamiento de fachadas y diagn\u00f3stico estructural<\/strong>\n<ul>\n<li>Inspecci\u00f3n f\u00edsica de cada local comercial por un equipo t\u00e9cnico de CAME y Planeamiento Urbano del Municipio, para clasificar urgencias y prioridades.<\/li>\n\n\n\n<li>Elaboraci\u00f3n de un cat\u00e1logo fotogr\u00e1fico del estado actual de cada frente de local, que servir\u00e1 de referencia para otorgar beneficios o asesor\u00edas de dise\u00f1o.<\/li>\n<\/ul>\n<\/li>\n\n\n\n<li><strong>Constituci\u00f3n de la Gerencia del Centro Comercial a Cielo Abierto<\/strong>\n<ul>\n<li>Definici\u00f3n del equipo responsable: un gerente de proyecto, coordinadores de marketing, comunicadores y t\u00e9cnicos en promoci\u00f3n comercial.<\/li>\n\n\n\n<li>Asignaci\u00f3n de oficinas provisionales en las instalaciones de CICECH, con soporte log\u00edstico del Municipio.<\/li>\n\n\n\n<li>Dise\u00f1o del primer presupuesto operativo, destinado a campa\u00f1as informativas, limpieza y peque\u00f1as intervenciones de intervenci\u00f3n urbana.<\/li>\n<\/ul>\n<\/li>\n<\/ol>\n\n\n\n<h3 class=\"wp-block-heading\">5. Dos ejes complementarios: urbanismo y promoci\u00f3n<\/h3>\n\n\n\n<p>La fuerza de esta iniciativa radica en articular dos dimensiones de trabajo que avanzan en paralelo:<\/p>\n\n\n\n<ol>\n<li><strong>Urbanismo y organizaci\u00f3n del espacio<\/strong>\n<ul>\n<li><strong>Delimitaci\u00f3n f\u00edsica<\/strong>. Definici\u00f3n clara de las cuadras que formar\u00e1n parte del corredor comercial a cielo abierto.<\/li>\n\n\n\n<li><strong>Mejoras en infraestructura<\/strong>. Plan de obra para ampliar veredas, mejorar luminarias, incorporar mobiliario urbano y asegurar accesibilidad.<\/li>\n\n\n\n<li><strong>Intervenciones de dise\u00f1o<\/strong>. Asesoramiento profesional para restablecer fachadas, se\u00f1al\u00e9tica uniforme y embellecer frentes comerciales.<\/li>\n\n\n\n<li><strong>Renovaci\u00f3n del espacio p\u00fablico<\/strong>. Creaci\u00f3n de microplazas, \u00e1reas verdes y bancos, promoviendo un entorno amigable para el peat\u00f3n.<\/li>\n<\/ul>\n<\/li>\n\n\n\n<li><strong>Promoci\u00f3n y dinamizaci\u00f3n econ\u00f3mica<\/strong>\n<ul>\n<li><strong>Campa\u00f1as de marketing conjunto<\/strong>. Desarrollo de un plan de comunicaci\u00f3n que combine publicidad digital, gr\u00e1fica y acciones en la calle para visibilizar el Centro Comercial a Cielo Abierto.<\/li>\n\n\n\n<li><strong>Eventos y ferias tem\u00e1ticas<\/strong>. Organizaci\u00f3n de actividades culturales y comerciales peri\u00f3dicas \u2014por ejemplo, ferias de productores locales, muestras de artesanos y circuitos gastron\u00f3micos\u2014 para atraer a diferentes p\u00fablicos.<\/li>\n\n\n\n<li><strong>Plataforma digital y app m\u00f3vil<\/strong>. Creaci\u00f3n de un sitio online y una aplicaci\u00f3n que concentre la oferta comercial, descuentos y pr\u00f3ximos eventos, facilitando la visita de consumidores locales y de ciudades vecinas.<\/li>\n\n\n\n<li><strong>Atracci\u00f3n de inversiones<\/strong>. Invitaci\u00f3n a franquicias, emprendimientos locales y Pymes a modernizar sus locales, aprovechando las mejoras urbanas y los incentivos municipales.<\/li>\n<\/ul>\n<\/li>\n<\/ol>\n\n\n\n<h3 class=\"wp-block-heading\">6. Beneficios que trae el proyecto a Trelew<\/h3>\n\n\n\n<ol>\n<li><strong>Reactivaci\u00f3n del comercio local<\/strong>\n<ul>\n<li>Los negocios concentrados en un espacio atractivo incrementan su visibilidad.<\/li>\n\n\n\n<li>Con la definici\u00f3n de un corredor comercial, los empresarios sientan las bases para renovar escaparates y fachadas, mejorando la competitividad.<\/li>\n<\/ul>\n<\/li>\n\n\n\n<li><strong>Generaci\u00f3n de empleo<\/strong>\n<ul>\n<li>Las obras en veredas, luminarias y mobiliario urbano demandan mano de obra local.<\/li>\n\n\n\n<li>Actividades de promoci\u00f3n \u2014ferias, eventos culturales, mantenimiento\u2014 generan puestos temporales y vinculados al turismo.<\/li>\n<\/ul>\n<\/li>\n\n\n\n<li><strong>Mejora del espacio p\u00fablico y orgullo ciudadano<\/strong>\n<ul>\n<li>Veredas e iluminaci\u00f3n renovadas ofrecen un entorno m\u00e1s seguro y atractivo para peatones.<\/li>\n\n\n\n<li>La incorporaci\u00f3n de elementos patrimoniales \u2014murales, intervenciones art\u00edsticas\u2014 refuerza el sentido de pertenencia y el rescate de la identidad urbana de Trelew.<\/li>\n<\/ul>\n<\/li>\n\n\n\n<li><strong>Atracci\u00f3n de visitantes y potenciales inversores<\/strong>\n<ul>\n<li>Un Centro Comercial a Cielo Abierto bien dise\u00f1ado se convierte en un polo de atracci\u00f3n para turistas de ciudades cercanas (Rawson, Puerto Madryn, Comodoro Rivadavia).<\/li>\n\n\n\n<li>El proyecto proyecta una Trelew moderna, preparada para alojar nuevas inversiones en comercio, gastronom\u00eda y servicios, con beneficios impositivos y facilidades de habilitaci\u00f3n gestionadas por el Municipio.<\/li>\n<\/ul>\n<\/li>\n\n\n\n<li><strong>Crecimiento sostenible y ordenado<\/strong>\n<ul>\n<li>La coordinaci\u00f3n entre CICECH, CAME y el Municipio permitir\u00e1 que las mejoras se realicen con criterios de sostenibilidad: uso de luminarias LED, espacios verdes permeables, gesti\u00f3n adecuada de residuos y promoci\u00f3n de transporte no motorizado.<\/li>\n<\/ul>\n<\/li>\n<\/ol>\n\n\n\n<h3 class=\"wp-block-heading\">7. C\u00f3mo participar y pr\u00f3ximos encuentros<\/h3>\n\n\n\n<p>Para que el proyecto sea exitoso, es esencial la participaci\u00f3n activa de cada comerciante, vecino y ciudadano. Los pr\u00f3ximos pasos incluyen:<\/p>\n\n\n\n<ul>\n<li><strong>Charlas informativas con los comerciantes<\/strong>. Se convocar\u00e1 a reuniones sectoriales en la sede de CICECH para explicar con detalle los beneficios, plazos y requisitos para adherirse a programas de subsidio, mejoras de fachadas y capacitaciones en marketing.<\/li>\n\n\n\n<li><strong>Mesas t\u00e9cnicas abiertas<\/strong>. Convocatoria a arquitectos, urbanistas, dise\u00f1adores y estudiantes universitarios para que colaboren con propuestas de dise\u00f1o, estudios de colorimetr\u00eda y propuestas de mobiliario urbano.<\/li>\n\n\n\n<li><strong>Encuentros con vecinos<\/strong>. Jornadas de puertas abiertas para recibir sugerencias del p\u00fablico\u2014 ideas de eventos culturales, propuestas de actividades recreativas y aportes para la se\u00f1al\u00e9tica del espacio.<\/li>\n<\/ul>\n\n\n\n<p>Adem\u00e1s, la Gerencia del Centro Comercial a Cielo Abierto, una vez constituida, difundir\u00e1 un cronograma de talleres gratuitos (marketing digital, atenci\u00f3n al cliente, visual merchandising) destinados a comerciantes y emprendedores, con el fin de mejorar la oferta y optimizar la experiencia de compra.<\/p>\n\n\n\n<h3 class=\"wp-block-heading\">8. Conclusi\u00f3n: un compromiso compartido<\/h3>\n\n\n\n<p>El proyecto de <strong>Centros Comerciales a Cielo Abierto<\/strong> en Trelew representa una gran oportunidad para renovar el centro de la ciudad, reactivar el comercio y mejorar la calidad de vida de nuestros vecinos. Gracias al trabajo conjunto de <strong>CICECH<\/strong>, <strong>CAME<\/strong> y el <strong>Municipio de Trelew<\/strong>, contamos con el respaldo t\u00e9cnico, institucional y pol\u00edtico necesario para llevarlo adelante.<\/p>\n\n\n\n<p>Sin embargo, este desaf\u00edo no depende solo de las instituciones: requiere el compromiso de cada comerciante y de todos los habitantes. Invitamos a sumarse activamente, a aportar ideas y a participar de las pr\u00f3ximas reuniones. Juntos, podemos transformar nuestras cuadras c\u00e9ntricas en un corredor comercial din\u00e1mico, atractivo y sostenible.<\/p>\n\n\n\n<p>\u00a1Manos a la obra! Trelew est\u00e1 en marcha para convertirse en un referente regional de comercio a cielo abierto.<\/p>\n","protected":false},"excerpt":{"rendered":"<p>El jueves 15 de mayo de 2025 qued\u00f3 marcado como una jornada de encuentro y consenso para el futuro del comercio en Trelew. En esta fecha, miembros del directorio de la C\u00e1mara de Industria y Comercio del Este del Chubut (CICECH) se reunieron con la arquitecta Nora Larrosa, en representaci\u00f3n de la Confederaci\u00f3n Argentina de [&hellip;]<\/p>\n","protected":false},"author":1,"featured_media":0,"comment_status":"open","ping_status":"open","sticky":false,"template":"","format":"standard","meta":{"om_disable_all_campaigns":false,"_monsterinsights_skip_tracking":false,"_monsterinsights_sitenote_active":false,"_monsterinsights_sitenote_note":"","_monsterinsights_sitenote_category":0},"categories":[14,5,7],"tags":[],"aioseo_notices":[],"_links":{"self":[{"href":"https:\/\/cicech.org\/index.php\/wp-json\/wp\/v2\/posts\/1217"}],"collection":[{"href":"https:\/\/cicech.org\/index.php\/wp-json\/wp\/v2\/posts"}],"about":[{"href":"https:\/\/cicech.org\/index.php\/wp-json\/wp\/v2\/types\/post"}],"author":[{"embeddable":true,"href":"https:\/\/cicech.org\/index.php\/wp-json\/wp\/v2\/users\/1"}],"replies":[{"embeddable":true,"href":"https:\/\/cicech.org\/index.php\/wp-json\/wp\/v2\/comments?post=1217"}],"version-history":[{"count":4,"href":"https:\/\/cicech.org\/index.php\/wp-json\/wp\/v2\/posts\/1217\/revisions"}],"predecessor-version":[{"id":1222,"href":"https:\/\/cicech.org\/index.php\/wp-json\/wp\/v2\/posts\/1217\/revisions\/1222"}],"wp:attachment":[{"href":"https:\/\/cicech.org\/index.php\/wp-json\/wp\/v2\/media?parent=1217"}],"wp:term":[{"taxonomy":"category","embeddable":true,"href":"https:\/\/cicech.org\/index.php\/wp-json\/wp\/v2\/categories?post=1217"},{"taxonomy":"post_tag","embeddable":true,"href":"https:\/\/cicech.org\/index.php\/wp-json\/wp\/v2\/tags?post=1217"}],"curies":[{"name":"wp","href":"https:\/\/api.w.org\/{rel}","templated":true}]}}