{"id":139,"date":"2023-08-24T10:53:04","date_gmt":"2023-08-24T13:53:04","guid":{"rendered":"https:\/\/cicech.org\/?p=139"},"modified":"2023-08-24T10:53:04","modified_gmt":"2023-08-24T13:53:04","slug":"un-sueno-navega-la-esperanza-renace-en-puerto-rawson","status":"publish","type":"post","link":"https:\/\/cicech.org\/index.php\/2023\/08\/24\/un-sueno-navega-la-esperanza-renace-en-puerto-rawson\/","title":{"rendered":"Un Sue\u00f1o Navega: La Esperanza Renace en Puerto Rawson"},"content":{"rendered":"\n<figure class=\"wp-block-image size-large\"><img decoding=\"async\" loading=\"lazy\" width=\"1024\" height=\"472\" src=\"https:\/\/cicech.org\/wp-content\/uploads\/2023\/08\/230824Barcos-1024x472.jpg\" alt=\"\" class=\"wp-image-140\" srcset=\"https:\/\/cicech.org\/wp-content\/uploads\/2023\/08\/230824Barcos-1024x472.jpg 1024w, https:\/\/cicech.org\/wp-content\/uploads\/2023\/08\/230824Barcos-300x138.jpg 300w, https:\/\/cicech.org\/wp-content\/uploads\/2023\/08\/230824Barcos-768x354.jpg 768w, https:\/\/cicech.org\/wp-content\/uploads\/2023\/08\/230824Barcos-1536x708.jpg 1536w, https:\/\/cicech.org\/wp-content\/uploads\/2023\/08\/230824Barcos.jpg 1600w\" sizes=\"(max-width: 1024px) 100vw, 1024px\" \/><\/figure>\n\n\n\n<p>Estas palabras, pronunciadas por el empresario Daniel Nogales, propietario del Astillero El Ancla: &#8220;Cuando se planta una quilla, comienza un sue\u00f1o&#8221;, resuenan con una profundidad que va m\u00e1s all\u00e1 de la simple construcci\u00f3n de barcos. Reflejan una visi\u00f3n, una esperanza y un compromiso con el futuro.<\/p>\n\n\n\n<p>Este mi\u00e9rcoles, en un evento lleno de emoci\u00f3n y expectativas, se presentaron formalmente tres nuevas embarcaciones construidas \u00edntegramente en Puerto Rawson. Los barcos pesqueros &#8220;3 de Abril&#8221;, &#8220;Lydia D&#8221; y &#8220;Diego Agust\u00edn I&#8221; son testimonio de la habilidad, la dedicaci\u00f3n y la pasi\u00f3n de una familia hist\u00f3ricamente relacionada con la pesca desde 1983.<\/p>\n\n\n\n<p>El presidente de CICECH, C\u00e9sar Pailacura, estuvo presente en este momento tan significativo, concurriendo a la amable invitaci\u00f3n y compartiendo la alegr\u00eda y el orgullo de este logro.<\/p>\n\n\n\n<p>La botadura de estos barcos no es solo un hito en la historia de la pesca en nuestra regi\u00f3n; es un s\u00edmbolo de resiliencia, innovaci\u00f3n y fe en el futuro. En un momento en que el mundo enfrenta desaf\u00edos sin precedentes, estos barcos representan una promesa de prosperidad y un recordatorio de lo que podemos lograr cuando trabajamos juntos con un prop\u00f3sito com\u00fan.<\/p>\n\n\n\n<p>Con la presencia de funcionarios municipales y autoridades provinciales electas, la ceremonia fue un reflejo de la unidad y la colaboraci\u00f3n que caracterizan a nuestra comunidad. Fue un d\u00eda para celebrar no solo la construcci\u00f3n de barcos sino la construcci\u00f3n de sue\u00f1os.<\/p>\n\n\n\n<p>En los pr\u00f3ximos d\u00edas, estas embarcaciones ser\u00e1n botadas y se les realizar\u00e1 la prueba de estabilidad en navegaci\u00f3n. Pero su verdadero viaje ya ha comenzado. Un viaje que lleva consigo las esperanzas y aspiraciones de toda una comunidad.<\/p>\n\n\n\n<p>En CICECH, nos sentimos honrados de ser parte de este momento hist\u00f3rico y nos unimos en la celebraci\u00f3n de este nuevo cap\u00edtulo en la rica tradici\u00f3n pesquera de nuestra regi\u00f3n.<\/p>\n\n\n\n<p>Que estos barcos naveguen con fuerza y gracia, llevando consigo no solo las redes y las capturas del d\u00eda, sino tambi\u00e9n los sue\u00f1os y la determinaci\u00f3n de un pueblo que mira hacia el horizonte con esperanza y confianza.<\/p>\n\n\n\n<p>El mar est\u00e1 abierto, y el futuro es brillante. \u00a1Que comience el sue\u00f1o!<\/p>\n","protected":false},"excerpt":{"rendered":"<p>Estas palabras, pronunciadas por el empresario Daniel Nogales, propietario del Astillero El Ancla: &#8220;Cuando se planta una quilla, comienza un sue\u00f1o&#8221;, resuenan con una profundidad que va m\u00e1s all\u00e1 de la simple construcci\u00f3n de barcos. Reflejan una visi\u00f3n, una esperanza y un compromiso con el futuro. Este mi\u00e9rcoles, en un evento lleno de emoci\u00f3n y [&hellip;]<\/p>\n","protected":false},"author":1,"featured_media":0,"comment_status":"open","ping_status":"open","sticky":false,"template":"","format":"standard","meta":{"om_disable_all_campaigns":false,"_monsterinsights_skip_tracking":false,"_monsterinsights_sitenote_active":false,"_monsterinsights_sitenote_note":"","_monsterinsights_sitenote_category":0},"categories":[1],"tags":[],"aioseo_notices":[],"_links":{"self":[{"href":"https:\/\/cicech.org\/index.php\/wp-json\/wp\/v2\/posts\/139"}],"collection":[{"href":"https:\/\/cicech.org\/index.php\/wp-json\/wp\/v2\/posts"}],"about":[{"href":"https:\/\/cicech.org\/index.php\/wp-json\/wp\/v2\/types\/post"}],"author":[{"embeddable":true,"href":"https:\/\/cicech.org\/index.php\/wp-json\/wp\/v2\/users\/1"}],"replies":[{"embeddable":true,"href":"https:\/\/cicech.org\/index.php\/wp-json\/wp\/v2\/comments?post=139"}],"version-history":[{"count":1,"href":"https:\/\/cicech.org\/index.php\/wp-json\/wp\/v2\/posts\/139\/revisions"}],"predecessor-version":[{"id":141,"href":"https:\/\/cicech.org\/index.php\/wp-json\/wp\/v2\/posts\/139\/revisions\/141"}],"wp:attachment":[{"href":"https:\/\/cicech.org\/index.php\/wp-json\/wp\/v2\/media?parent=139"}],"wp:term":[{"taxonomy":"category","embeddable":true,"href":"https:\/\/cicech.org\/index.php\/wp-json\/wp\/v2\/categories?post=139"},{"taxonomy":"post_tag","embeddable":true,"href":"https:\/\/cicech.org\/index.php\/wp-json\/wp\/v2\/tags?post=139"}],"curies":[{"name":"wp","href":"https:\/\/api.w.org\/{rel}","templated":true}]}}