{"id":1430,"date":"2025-09-05T10:03:11","date_gmt":"2025-09-05T13:03:11","guid":{"rendered":"https:\/\/cicech.org\/?p=1430"},"modified":"2025-09-05T10:15:35","modified_gmt":"2025-09-05T13:15:35","slug":"cicech-acompana-el-pedido-de-autonomia-fiscal-municipal-en-defensa-del-desarrollo-local","status":"publish","type":"post","link":"https:\/\/cicech.org\/index.php\/2025\/09\/05\/cicech-acompana-el-pedido-de-autonomia-fiscal-municipal-en-defensa-del-desarrollo-local\/","title":{"rendered":"CICECH acompa\u00f1a el pedido de autonom\u00eda fiscal municipal en defensa del desarrollo local"},"content":{"rendered":"\n<p>La C\u00e1mara de Industria y Comercio del Este del Chubut (CICECH) acompa\u00f1a y respalda la presentaci\u00f3n realizada por la Federaci\u00f3n Empresaria del Chubut (FECh) ante el Consejo Provincial de Responsabilidad Fiscal (CPRF), en la que se solicita la exclusi\u00f3n expl\u00edcita de cualquier facultad del Consejo para fijar m\u00ednimos tributarios o al\u00edcuotas obligatorias que condicionen la potestad de los municipios.<\/p>\n\n\n\n<p>La nota presentada \u2014firmada por las autoridades de FECh, Pablo Tedesco (secretario) y Carlos Lorenzo (presidente)\u2014 se fundamenta en la autonom\u00eda consagrada en la Constituci\u00f3n de la Provincia del Chubut (arts. 224 y 225), que garantiza la capacidad pol\u00edtica, administrativa, econ\u00f3mica y financiera de los municipios. El planteo busca asegurar que cada Concejo Deliberante y Ejecutivo municipal pueda definir sus propias pol\u00edticas impositivas, en funci\u00f3n de la realidad de su comunidad, sin condicionamientos externos.<\/p>\n\n\n\n<p>Desde CICECH destacamos especialmente cuatro puntos claves del pedido:<\/p>\n\n\n\n<ul>\n<li><strong>Prohibici\u00f3n de fijar m\u00ednimos impositivos:<\/strong> que el CPRF no pueda establecer pisos o al\u00edcuotas m\u00ednimas de car\u00e1cter vinculante.<\/li>\n\n\n\n<li><strong>Car\u00e1cter orientativo de las recomendaciones:<\/strong> que toda gu\u00eda del Consejo tenga valor consultivo, no obligatorio.<\/li>\n\n\n\n<li><strong>Facilitaci\u00f3n de incentivos locales:<\/strong> creaci\u00f3n de un procedimiento \u00e1gil para que cada municipio aplique reducciones o exenciones seg\u00fan sus necesidades productivas.<\/li>\n\n\n\n<li><strong>Mesa t\u00e9cnica con participaci\u00f3n empresaria:<\/strong> incorporaci\u00f3n de representantes de FECh en un \u00e1mbito de di\u00e1logo permanente para evaluar impactos y dise\u00f1ar propuestas conjuntas.<\/li>\n<\/ul>\n\n\n\n<p>Nuestra instituci\u00f3n, con m\u00e1s de 70 a\u00f1os de historia en defensa de la iniciativa privada y la libertad econ\u00f3mica, considera que fortalecer la autonom\u00eda fiscal municipal es una herramienta indispensable para promover la inversi\u00f3n, el empleo y la competitividad en cada localidad.<\/p>\n\n\n\n<p>En este sentido, acompa\u00f1amos de manera activa la solicitud presentada por la FECh y reiteramos que la mejor forma de potenciar el desarrollo regional es permitir que cada comunidad defina, con transparencia y responsabilidad, los instrumentos fiscales que m\u00e1s se adec\u00faen a su realidad.<\/p>\n\n\n\n<figure class=\"wp-block-image size-large\"><img decoding=\"async\" loading=\"lazy\" width=\"1024\" height=\"808\" src=\"https:\/\/cicech.org\/wp-content\/uploads\/2025\/09\/250905NotaCPRF-1024x808.jpg\" alt=\"\" class=\"wp-image-1432\" srcset=\"https:\/\/cicech.org\/wp-content\/uploads\/2025\/09\/250905NotaCPRF-1024x808.jpg 1024w, https:\/\/cicech.org\/wp-content\/uploads\/2025\/09\/250905NotaCPRF-300x237.jpg 300w, https:\/\/cicech.org\/wp-content\/uploads\/2025\/09\/250905NotaCPRF-768x606.jpg 768w, https:\/\/cicech.org\/wp-content\/uploads\/2025\/09\/250905NotaCPRF.jpg 1069w\" sizes=\"(max-width: 1024px) 100vw, 1024px\" \/><\/figure>\n","protected":false},"excerpt":{"rendered":"<p>La C\u00e1mara de Industria y Comercio del Este del Chubut (CICECH) acompa\u00f1a y respalda la presentaci\u00f3n realizada por la Federaci\u00f3n Empresaria del Chubut (FECh) ante el Consejo Provincial de Responsabilidad Fiscal (CPRF), en la que se solicita la exclusi\u00f3n expl\u00edcita de cualquier facultad del Consejo para fijar m\u00ednimos tributarios o al\u00edcuotas obligatorias que condicionen la [&hellip;]<\/p>\n","protected":false},"author":1,"featured_media":0,"comment_status":"open","ping_status":"open","sticky":false,"template":"","format":"standard","meta":{"om_disable_all_campaigns":false,"_monsterinsights_skip_tracking":false,"_monsterinsights_sitenote_active":false,"_monsterinsights_sitenote_note":"","_monsterinsights_sitenote_category":0},"categories":[14,12,15],"tags":[],"aioseo_notices":[],"_links":{"self":[{"href":"https:\/\/cicech.org\/index.php\/wp-json\/wp\/v2\/posts\/1430"}],"collection":[{"href":"https:\/\/cicech.org\/index.php\/wp-json\/wp\/v2\/posts"}],"about":[{"href":"https:\/\/cicech.org\/index.php\/wp-json\/wp\/v2\/types\/post"}],"author":[{"embeddable":true,"href":"https:\/\/cicech.org\/index.php\/wp-json\/wp\/v2\/users\/1"}],"replies":[{"embeddable":true,"href":"https:\/\/cicech.org\/index.php\/wp-json\/wp\/v2\/comments?post=1430"}],"version-history":[{"count":2,"href":"https:\/\/cicech.org\/index.php\/wp-json\/wp\/v2\/posts\/1430\/revisions"}],"predecessor-version":[{"id":1433,"href":"https:\/\/cicech.org\/index.php\/wp-json\/wp\/v2\/posts\/1430\/revisions\/1433"}],"wp:attachment":[{"href":"https:\/\/cicech.org\/index.php\/wp-json\/wp\/v2\/media?parent=1430"}],"wp:term":[{"taxonomy":"category","embeddable":true,"href":"https:\/\/cicech.org\/index.php\/wp-json\/wp\/v2\/categories?post=1430"},{"taxonomy":"post_tag","embeddable":true,"href":"https:\/\/cicech.org\/index.php\/wp-json\/wp\/v2\/tags?post=1430"}],"curies":[{"name":"wp","href":"https:\/\/api.w.org\/{rel}","templated":true}]}}