{"id":1530,"date":"2026-04-28T12:27:29","date_gmt":"2026-04-28T15:27:29","guid":{"rendered":"https:\/\/cicech.org\/?p=1530"},"modified":"2026-04-28T12:28:30","modified_gmt":"2026-04-28T15:28:30","slug":"cicech-repudia-bloqueos-y-vias-de-hecho-que-afectan-el-trabajo-y-la-inversion-en-trelew","status":"publish","type":"post","link":"https:\/\/cicech.org\/index.php\/2026\/04\/28\/cicech-repudia-bloqueos-y-vias-de-hecho-que-afectan-el-trabajo-y-la-inversion-en-trelew\/","title":{"rendered":"CICECH REPUDIA BLOQUEOS Y V\u00cdAS DE HECHO QUE AFECTAN EL TRABAJO Y LA INVERSI\u00d3N EN TRELEW"},"content":{"rendered":"\n<p><strong>La C\u00e1mara de Industria y Comercio del Este del Chubut expresa su profunda preocupaci\u00f3n por los hechos ocurridos este 27 de abril de 2026 durante la apertura de la nueva sucursal de Maxiconsumo en Trelew, donde un conflicto vinculado a la contrataci\u00f3n del servicio de seguridad privada deriv\u00f3 en bloqueos en los accesos y medidas de fuerza que alteraron el normal funcionamiento de la actividad comercial.<\/strong><\/p>\n\n\n\n<p>Trelew, Chubut \u2013 28 de abril de 2026.<\/p>\n\n\n\n<p>En ocasi\u00f3n de la inauguraci\u00f3n de la nueva sucursal de Maxiconsumo en la ciudad de Trelew, se registraron durante la jornada de ayer bloqueos en los accesos y acciones gremiales relacionadas con diferencias respecto de la contrataci\u00f3n de personal de seguridad privada por fuera de determinada representaci\u00f3n sindical.<\/p>\n\n\n\n<p>Como consecuencia de estos hechos, se produjeron dificultades operativas, afectaci\u00f3n al normal desenvolvimiento de la apertura comercial y perjuicios directos e indirectos para trabajadores, clientes, proveedores y para el clima general de inversi\u00f3n que nuestra ciudad necesita consolidar.<\/p>\n\n\n\n<p>Desde la C\u00e1mara de Industria y Comercio del Este del Chubut manifestamos con total claridad nuestro rechazo a los bloqueos, aprietes, intimidaciones, hechos de violencia o cualquier mecanismo de presi\u00f3n que vulnere derechos de terceros.<\/p>\n\n\n\n<p><strong>Ning\u00fan reclamo leg\u00edtimo pierde fuerza m\u00e1s r\u00e1pido que cuando se intenta imponer por la fuerza.<\/strong><\/p>\n\n\n\n<p>Toda diferencia laboral, sindical o contractual cuenta con canales institucionales previstos por la ley: Ministerio de Trabajo, Justicia, inspecciones competentes, negociaci\u00f3n colectiva, conciliaci\u00f3n y mediaci\u00f3n. En un Estado de Derecho, los conflictos se resuelven dentro de la ley, no por encima de ella.<\/p>\n\n\n\n<p>Defendemos firmemente el derecho de toda persona y empresa a trabajar, comerciar, invertir, circular y desarrollar actividades l\u00edcitas sin sufrir coacciones ni interrupciones ileg\u00edtimas.<\/p>\n\n\n\n<p>Cuando se agrede al sector privado no se perjudica solamente a una empresa. Se afecta a trabajadores que necesitan estabilidad, a consumidores que requieren servicios, a proveedores que dependen de la actividad y a toda la comunidad que necesita crecimiento.<\/p>\n\n\n\n<p><strong>Cada inversi\u00f3n que llega a Trelew debe ser cuidada, no espantada.<\/strong><\/p>\n\n\n\n<p>Este tipo de episodios da\u00f1an la imagen de nuestra ciudad, generan incertidumbre y desalientan nuevos proyectos productivos, comerciales e industriales. En un contexto donde el empleo privado es prioridad, no podemos naturalizar conductas que van en sentido contrario.<\/p>\n\n\n\n<p>Por ello solicitamos a las autoridades municipales, provinciales y judiciales que garanticen el orden p\u00fablico, la libre circulaci\u00f3n, el respeto de los derechos constitucionales y el pleno cumplimiento de la ley.<\/p>\n\n\n\n<p>Asimismo, expresamos nuestra solidaridad con la empresa afectada, con sus trabajadores, con los clientes perjudicados y con todos los ciudadanos que se vieron alcanzados por esta situaci\u00f3n.<\/p>\n\n\n\n<p>La CICECH mantendr\u00e1 esta misma posici\u00f3n ante cualquier hecho similar, sin importar la empresa, rubro o sector involucrado. Los principios no cambian seg\u00fan el cartel de la puerta.<\/p>\n\n\n\n<p>Promovemos una cultura de di\u00e1logo, respeto institucional, previsibilidad y desarrollo econ\u00f3mico sostenido.<\/p>\n\n\n\n<p>Trelew necesita reglas claras, seguridad jur\u00eddica y m\u00e1s inversi\u00f3n privada para generar empleo genuino y oportunidades reales.<\/p>\n\n\n\n<p><strong>Convocamos a todos los actores sociales a canalizar sus diferencias mediante el di\u00e1logo y dentro del marco legal, \u00fanico camino serio para construir futuro.<\/strong><\/p>\n\n\n\n<p><strong>Comisi\u00f3n Directiva \u2013 CICECH<\/strong><\/p>\n","protected":false},"excerpt":{"rendered":"<p>La C\u00e1mara de Industria y Comercio del Este del Chubut expresa su profunda preocupaci\u00f3n por los hechos ocurridos este 27 de abril de 2026 durante la apertura de la nueva sucursal de Maxiconsumo en Trelew, donde un conflicto vinculado a la contrataci\u00f3n del servicio de seguridad privada deriv\u00f3 en bloqueos en los accesos y medidas [&hellip;]<\/p>\n","protected":false},"author":1,"featured_media":0,"comment_status":"open","ping_status":"open","sticky":false,"template":"","format":"standard","meta":{"om_disable_all_campaigns":false,"_monsterinsights_skip_tracking":false,"_monsterinsights_sitenote_active":false,"_monsterinsights_sitenote_note":"","_monsterinsights_sitenote_category":0},"categories":[11],"tags":[],"aioseo_notices":[],"_links":{"self":[{"href":"https:\/\/cicech.org\/index.php\/wp-json\/wp\/v2\/posts\/1530"}],"collection":[{"href":"https:\/\/cicech.org\/index.php\/wp-json\/wp\/v2\/posts"}],"about":[{"href":"https:\/\/cicech.org\/index.php\/wp-json\/wp\/v2\/types\/post"}],"author":[{"embeddable":true,"href":"https:\/\/cicech.org\/index.php\/wp-json\/wp\/v2\/users\/1"}],"replies":[{"embeddable":true,"href":"https:\/\/cicech.org\/index.php\/wp-json\/wp\/v2\/comments?post=1530"}],"version-history":[{"count":1,"href":"https:\/\/cicech.org\/index.php\/wp-json\/wp\/v2\/posts\/1530\/revisions"}],"predecessor-version":[{"id":1531,"href":"https:\/\/cicech.org\/index.php\/wp-json\/wp\/v2\/posts\/1530\/revisions\/1531"}],"wp:attachment":[{"href":"https:\/\/cicech.org\/index.php\/wp-json\/wp\/v2\/media?parent=1530"}],"wp:term":[{"taxonomy":"category","embeddable":true,"href":"https:\/\/cicech.org\/index.php\/wp-json\/wp\/v2\/categories?post=1530"},{"taxonomy":"post_tag","embeddable":true,"href":"https:\/\/cicech.org\/index.php\/wp-json\/wp\/v2\/tags?post=1530"}],"curies":[{"name":"wp","href":"https:\/\/api.w.org\/{rel}","templated":true}]}}