{"id":161,"date":"2023-09-03T10:26:25","date_gmt":"2023-09-03T13:26:25","guid":{"rendered":"https:\/\/cicech.org\/?p=161"},"modified":"2023-09-04T08:51:43","modified_gmt":"2023-09-04T11:51:43","slug":"resumen-de-la-reunion-de-socios-del-1-de-septiembre-desde-el-bono-compulsivo-hasta-la-promocion-del-turismo","status":"publish","type":"post","link":"https:\/\/cicech.org\/index.php\/2023\/09\/03\/resumen-de-la-reunion-de-socios-del-1-de-septiembre-desde-el-bono-compulsivo-hasta-la-promocion-del-turismo\/","title":{"rendered":"Resumen de la Reuni\u00f3n de Socios del 1 de Septiembre: Desde el Bono Compulsivo hasta la Promoci\u00f3n del Turismo"},"content":{"rendered":"\n<figure class=\"wp-block-image size-large is-resized\"><img decoding=\"async\" loading=\"lazy\" src=\"https:\/\/cicech.org\/wp-content\/uploads\/2023\/09\/230901ReunionSocios-1024x478.jpg\" alt=\"\" class=\"wp-image-162\" width=\"840\" height=\"391\" srcset=\"https:\/\/cicech.org\/wp-content\/uploads\/2023\/09\/230901ReunionSocios-1024x478.jpg 1024w, https:\/\/cicech.org\/wp-content\/uploads\/2023\/09\/230901ReunionSocios-300x140.jpg 300w, https:\/\/cicech.org\/wp-content\/uploads\/2023\/09\/230901ReunionSocios-768x358.jpg 768w, https:\/\/cicech.org\/wp-content\/uploads\/2023\/09\/230901ReunionSocios.jpg 1280w\" sizes=\"(max-width: 840px) 100vw, 840px\" \/><\/figure>\n\n\n\n<p>El pasado viernes 1 de septiembre de 2023, tuvimos el placer de llevar a cabo otra reuni\u00f3n con nuestros socios, en la que se abordaron temas cruciales que afectan tanto a nuestra comunidad empresarial como a la sociedad en general. Aqu\u00ed les ofrecemos un resumen de los puntos m\u00e1s destacados.<\/p>\n\n\n\n<h2 class=\"wp-block-heading\">Bono Compulsivo del DNU 438\/23: Nuestra Postura<\/h2>\n\n\n\n<p>Uno de los temas m\u00e1s candentes fue, sin duda, el Decreto de Necesidad y Urgencia 438\/23, que establece un bono compulsivo para los trabajadores del sector privado. Desde la CICECH, hemos manifestado nuestra oposici\u00f3n a esta medida, que consideramos inadecuada y perjudicial para el clima empresarial. Hemos unido fuerzas con otras c\u00e1maras a trav\u00e9s de la FECH, y tambi\u00e9n a nivel nacional mediante CAME y CAC, para mostrar nuestra disconformidad.<\/p>\n\n\n\n<h2 class=\"wp-block-heading\">Inseguridad y Relaci\u00f3n con el Poder Judicial<\/h2>\n\n\n\n<p>La inseguridad es una preocupaci\u00f3n creciente en nuestra comunidad. Durante la reuni\u00f3n, se discuti\u00f3 la necesidad de una relaci\u00f3n m\u00e1s estrecha con el poder judicial y las autoridades locales para enfocar esfuerzos en la prevenci\u00f3n. Este tema es especialmente relevante si se tiene en cuenta la promoci\u00f3n del turismo, una actividad que podr\u00eda verse seriamente afectada si no se aborda la inseguridad de manera efectiva.<\/p>\n\n\n\n<h2 class=\"wp-block-heading\">Opciones Gastron\u00f3micas Limitadas<\/h2>\n\n\n\n<p>Otro punto que se trat\u00f3 fue la falta de opciones para salir a comer durante horarios no convencionales, como tarde en la noche o los domingos por la ma\u00f1ana. Se est\u00e1n considerando diversas propuestas para incentivar a los establecimientos gastron\u00f3micos a ofrecer m\u00e1s flexibilidad en sus horarios de atenci\u00f3n.<\/p>\n\n\n\n<h2 class=\"wp-block-heading\">Exposiciones Autosustentables en Nuestro Predio<\/h2>\n\n\n\n<p>Finalmente, se discuti\u00f3 la posibilidad de realizar exposiciones en nuestro predio que sean autosustentables. La idea es crear eventos que no solo sean de inter\u00e9s para nuestros socios y la comunidad en general, sino que tambi\u00e9n generen ingresos que puedan reinvertirse en futuras iniciativas.<\/p>\n\n\n\n<p>Agradecemos a todos los socios que participaron en esta reuni\u00f3n y compartieron sus valiosas opiniones y sugerencias. Estamos comprometidos con seguir trabajando en conjunto para enfrentar los desaf\u00edos que se presentan y aprovechar las oportunidades para el beneficio de todos.<\/p>\n\n\n\n<p>Para m\u00e1s informaci\u00f3n sobre futuras reuniones y otros eventos, no duden en ponerse en contacto con nosotros.<\/p>\n\n\n\n<p><strong>CICECH, juntos somos m\u00e1s fuertes.<\/strong><\/p>\n","protected":false},"excerpt":{"rendered":"<p>El pasado viernes 1 de septiembre de 2023, tuvimos el placer de llevar a cabo otra reuni\u00f3n con nuestros socios, en la que se abordaron temas cruciales que afectan tanto a nuestra comunidad empresarial como a la sociedad en general. Aqu\u00ed les ofrecemos un resumen de los puntos m\u00e1s destacados. Bono Compulsivo del DNU 438\/23: [&hellip;]<\/p>\n","protected":false},"author":1,"featured_media":0,"comment_status":"open","ping_status":"open","sticky":false,"template":"","format":"standard","meta":{"om_disable_all_campaigns":false,"_monsterinsights_skip_tracking":false,"_monsterinsights_sitenote_active":false,"_monsterinsights_sitenote_note":"","_monsterinsights_sitenote_category":0},"categories":[5],"tags":[],"aioseo_notices":[],"_links":{"self":[{"href":"https:\/\/cicech.org\/index.php\/wp-json\/wp\/v2\/posts\/161"}],"collection":[{"href":"https:\/\/cicech.org\/index.php\/wp-json\/wp\/v2\/posts"}],"about":[{"href":"https:\/\/cicech.org\/index.php\/wp-json\/wp\/v2\/types\/post"}],"author":[{"embeddable":true,"href":"https:\/\/cicech.org\/index.php\/wp-json\/wp\/v2\/users\/1"}],"replies":[{"embeddable":true,"href":"https:\/\/cicech.org\/index.php\/wp-json\/wp\/v2\/comments?post=161"}],"version-history":[{"count":1,"href":"https:\/\/cicech.org\/index.php\/wp-json\/wp\/v2\/posts\/161\/revisions"}],"predecessor-version":[{"id":163,"href":"https:\/\/cicech.org\/index.php\/wp-json\/wp\/v2\/posts\/161\/revisions\/163"}],"wp:attachment":[{"href":"https:\/\/cicech.org\/index.php\/wp-json\/wp\/v2\/media?parent=161"}],"wp:term":[{"taxonomy":"category","embeddable":true,"href":"https:\/\/cicech.org\/index.php\/wp-json\/wp\/v2\/categories?post=161"},{"taxonomy":"post_tag","embeddable":true,"href":"https:\/\/cicech.org\/index.php\/wp-json\/wp\/v2\/tags?post=161"}],"curies":[{"name":"wp","href":"https:\/\/api.w.org\/{rel}","templated":true}]}}