{"id":254,"date":"2023-09-21T17:18:34","date_gmt":"2023-09-21T20:18:34","guid":{"rendered":"https:\/\/cicech.org\/?p=254"},"modified":"2023-09-21T17:30:20","modified_gmt":"2023-09-21T20:30:20","slug":"celebrando-60-anos-de-calzados-hanry-un-legado-de-elegancia-y-comunidad","status":"publish","type":"post","link":"https:\/\/cicech.org\/index.php\/2023\/09\/21\/celebrando-60-anos-de-calzados-hanry-un-legado-de-elegancia-y-comunidad\/","title":{"rendered":"Celebrando 60 A\u00f1os de Calzados &#8220;Hanry&#8221;: Un Legado de Elegancia y Comunidad"},"content":{"rendered":"\n<p>\ud83c\udf89 \u00a1Feliz Aniversario Calzados &#8220;Hanry&#8221;! \ud83c\udf89<\/p>\n\n\n\n<figure class=\"wp-block-image size-large\"><img decoding=\"async\" loading=\"lazy\" width=\"478\" height=\"1024\" src=\"https:\/\/cicech.org\/wp-content\/uploads\/2023\/09\/230921Hanry-478x1024.jpg\" alt=\"\" class=\"wp-image-256\" srcset=\"https:\/\/cicech.org\/wp-content\/uploads\/2023\/09\/230921Hanry-478x1024.jpg 478w, https:\/\/cicech.org\/wp-content\/uploads\/2023\/09\/230921Hanry-140x300.jpg 140w, https:\/\/cicech.org\/wp-content\/uploads\/2023\/09\/230921Hanry-717x1536.jpg 717w, https:\/\/cicech.org\/wp-content\/uploads\/2023\/09\/230921Hanry.jpg 747w\" sizes=\"(max-width: 478px) 100vw, 478px\" \/><\/figure>\n\n\n\n<p>Hoy, 21 de septiembre, es un d\u00eda muy especial para todos nosotros en la C\u00e1mara de Industria y Comercio del Este del Chubut (CICECH). Nos llena de orgullo y alegr\u00eda celebrar los 60 a\u00f1os de uno de nuestros socios m\u00e1s queridos y respetados, Calzados &#8220;Hanry&#8221;.<\/p>\n\n\n\n<h4 class=\"wp-block-heading\">Un Viaje en el Tiempo<\/h4>\n\n\n\n<p>Corr\u00eda el a\u00f1o 1963 cuando abr\u00eda sus puertas este emblem\u00e1tico comercio. Desde entonces, Calzados &#8220;Hanry&#8221; se ha dedicado a ofrecer belleza y elegancia en cada par de zapatos, convirti\u00e9ndose en una verdadera instituci\u00f3n en Trelew.<\/p>\n\n\n\n<h4 class=\"wp-block-heading\">M\u00e1s que un Negocio, una Tradici\u00f3n<\/h4>\n\n\n\n<p>Lo que comenz\u00f3 como un peque\u00f1o comercio ha trascendido para convertirse en un legado. Tres generaciones de clientes han cruzado sus puertas, y cada uno de ellos ha sido parte de esta maravillosa historia. La confianza y la lealtad que han depositado en Calzados &#8220;Hanry&#8221; son el mejor testimonio de su excelencia y compromiso con la comunidad.<\/p>\n\n\n\n<figure class=\"wp-block-image size-large\"><img decoding=\"async\" loading=\"lazy\" width=\"1024\" height=\"478\" src=\"https:\/\/cicech.org\/wp-content\/uploads\/2023\/09\/230921Hanry2-1024x478.jpg\" alt=\"\" class=\"wp-image-257\" srcset=\"https:\/\/cicech.org\/wp-content\/uploads\/2023\/09\/230921Hanry2-1024x478.jpg 1024w, https:\/\/cicech.org\/wp-content\/uploads\/2023\/09\/230921Hanry2-300x140.jpg 300w, https:\/\/cicech.org\/wp-content\/uploads\/2023\/09\/230921Hanry2-768x359.jpg 768w, https:\/\/cicech.org\/wp-content\/uploads\/2023\/09\/230921Hanry2-1536x717.jpg 1536w, https:\/\/cicech.org\/wp-content\/uploads\/2023\/09\/230921Hanry2.jpg 1600w\" sizes=\"(max-width: 1024px) 100vw, 1024px\" \/><\/figure>\n\n\n\n<h4 class=\"wp-block-heading\">Un Saludo Especial<\/h4>\n\n\n\n<p>Desde CICECH, queremos enviar un caluroso saludo a todo el equipo de Calzados &#8220;Hanry&#8221;. Su dedicaci\u00f3n y pasi\u00f3n por lo que hacen son una inspiraci\u00f3n para todos nosotros. Que este aniversario sea el inicio de muchos m\u00e1s a\u00f1os de \u00e9xito y contribuciones significativas a nuestra comunidad.<\/p>\n\n\n\n<p>\ud83e\udd42 Aqu\u00ed levantamos nuestras copas virtuales en honor a Calzados &#8220;Hanry&#8221;, por 60 a\u00f1os de elegancia, calidad y, sobre todo, por ser un pilar en la vida de tantas personas en Trelew. \ud83e\udd42<\/p>\n\n\n\n<p>\u00a1Felicidades! \ud83c\udf88\ud83c\udf89\ud83c\udf8a<\/p>\n","protected":false},"excerpt":{"rendered":"<p>\ud83c\udf89 \u00a1Feliz Aniversario Calzados &#8220;Hanry&#8221;! \ud83c\udf89 Hoy, 21 de septiembre, es un d\u00eda muy especial para todos nosotros en la C\u00e1mara de Industria y Comercio del Este del Chubut (CICECH). Nos llena de orgullo y alegr\u00eda celebrar los 60 a\u00f1os de uno de nuestros socios m\u00e1s queridos y respetados, Calzados &#8220;Hanry&#8221;. Un Viaje en el [&hellip;]<\/p>\n","protected":false},"author":1,"featured_media":0,"comment_status":"open","ping_status":"open","sticky":false,"template":"","format":"standard","meta":{"om_disable_all_campaigns":false,"_monsterinsights_skip_tracking":false,"_monsterinsights_sitenote_active":false,"_monsterinsights_sitenote_note":"","_monsterinsights_sitenote_category":0},"categories":[10],"tags":[],"aioseo_notices":[],"_links":{"self":[{"href":"https:\/\/cicech.org\/index.php\/wp-json\/wp\/v2\/posts\/254"}],"collection":[{"href":"https:\/\/cicech.org\/index.php\/wp-json\/wp\/v2\/posts"}],"about":[{"href":"https:\/\/cicech.org\/index.php\/wp-json\/wp\/v2\/types\/post"}],"author":[{"embeddable":true,"href":"https:\/\/cicech.org\/index.php\/wp-json\/wp\/v2\/users\/1"}],"replies":[{"embeddable":true,"href":"https:\/\/cicech.org\/index.php\/wp-json\/wp\/v2\/comments?post=254"}],"version-history":[{"count":2,"href":"https:\/\/cicech.org\/index.php\/wp-json\/wp\/v2\/posts\/254\/revisions"}],"predecessor-version":[{"id":259,"href":"https:\/\/cicech.org\/index.php\/wp-json\/wp\/v2\/posts\/254\/revisions\/259"}],"wp:attachment":[{"href":"https:\/\/cicech.org\/index.php\/wp-json\/wp\/v2\/media?parent=254"}],"wp:term":[{"taxonomy":"category","embeddable":true,"href":"https:\/\/cicech.org\/index.php\/wp-json\/wp\/v2\/categories?post=254"},{"taxonomy":"post_tag","embeddable":true,"href":"https:\/\/cicech.org\/index.php\/wp-json\/wp\/v2\/tags?post=254"}],"curies":[{"name":"wp","href":"https:\/\/api.w.org\/{rel}","templated":true}]}}