{"id":313,"date":"2023-10-07T06:53:11","date_gmt":"2023-10-07T09:53:11","guid":{"rendered":"https:\/\/cicech.org\/?p=313"},"modified":"2023-10-07T06:54:51","modified_gmt":"2023-10-07T09:54:51","slug":"un-brindis-por-el-pasado-y-el-futuro-celebracion-del-aniversario-de-la-cicech-2023","status":"publish","type":"post","link":"https:\/\/cicech.org\/index.php\/2023\/10\/07\/un-brindis-por-el-pasado-y-el-futuro-celebracion-del-aniversario-de-la-cicech-2023\/","title":{"rendered":"Un Brindis por el Pasado y el Futuro: Celebraci\u00f3n del Aniversario de la CICECH 2023"},"content":{"rendered":"\n<p>El viernes 6 de octubre de 2023 marc\u00f3 un hito especial en la historia de la C\u00e1mara de Industria y Comercio del Este del Chubut (CICECH). Nos reunimos para celebrar un nuevo aniversario desde nuestra fundaci\u00f3n el 20 de septiembre de 1952. El evento, lleno de emoci\u00f3n y camarader\u00eda, cont\u00f3 con la presencia de socios, autoridades y amigos que han sido parte integral de nuestra trayectoria.<\/p>\n\n\n\n<figure class=\"wp-block-image size-large\"><img decoding=\"async\" loading=\"lazy\" width=\"1024\" height=\"478\" src=\"https:\/\/cicech.org\/wp-content\/uploads\/2023\/10\/231007Aniversario1-1024x478.jpg\" alt=\"\" class=\"wp-image-314\" srcset=\"https:\/\/cicech.org\/wp-content\/uploads\/2023\/10\/231007Aniversario1-1024x478.jpg 1024w, https:\/\/cicech.org\/wp-content\/uploads\/2023\/10\/231007Aniversario1-300x140.jpg 300w, https:\/\/cicech.org\/wp-content\/uploads\/2023\/10\/231007Aniversario1-768x359.jpg 768w, https:\/\/cicech.org\/wp-content\/uploads\/2023\/10\/231007Aniversario1-1536x717.jpg 1536w, https:\/\/cicech.org\/wp-content\/uploads\/2023\/10\/231007Aniversario1.jpg 1600w\" sizes=\"(max-width: 1024px) 100vw, 1024px\" \/><\/figure>\n\n\n\n<p>La noche comenz\u00f3 con las palabras de nuestro presidente, C\u00e9sar Pailacura, quien hizo un recorrido por los a\u00f1os de servicio y compromiso de la CICECH en la regi\u00f3n. Extendi\u00f3 un sentido agradecimiento a Rub\u00e9n Villagra, nuestro presidente anterior, por su dedicaci\u00f3n y esfuerzo, y al intendente electo Gerardo Merino, por su apoyo continuo y presencia en nuestros eventos.<\/p>\n\n\n\n<figure class=\"wp-block-image size-large\"><img decoding=\"async\" loading=\"lazy\" width=\"1024\" height=\"478\" src=\"https:\/\/cicech.org\/wp-content\/uploads\/2023\/10\/231007Aniversario2-1024x478.jpg\" alt=\"\" class=\"wp-image-316\" srcset=\"https:\/\/cicech.org\/wp-content\/uploads\/2023\/10\/231007Aniversario2-1024x478.jpg 1024w, https:\/\/cicech.org\/wp-content\/uploads\/2023\/10\/231007Aniversario2-300x140.jpg 300w, https:\/\/cicech.org\/wp-content\/uploads\/2023\/10\/231007Aniversario2-768x359.jpg 768w, https:\/\/cicech.org\/wp-content\/uploads\/2023\/10\/231007Aniversario2-1536x717.jpg 1536w, https:\/\/cicech.org\/wp-content\/uploads\/2023\/10\/231007Aniversario2.jpg 1600w\" sizes=\"(max-width: 1024px) 100vw, 1024px\" \/><\/figure>\n\n\n\n<p>A continuaci\u00f3n, el intendente electo, Gerardo Merino, ofreci\u00f3 un brindis en el que reafirm\u00f3 su compromiso con el sector empresarial y expres\u00f3 su inter\u00e9s en seguir colaborando para el desarrollo y fortalecimiento de nuestra comunidad.<\/p>\n\n\n\n<figure class=\"wp-block-image size-large\"><img decoding=\"async\" loading=\"lazy\" width=\"1024\" height=\"576\" src=\"https:\/\/cicech.org\/wp-content\/uploads\/2023\/10\/231007Aniversario3-1024x576.jpg\" alt=\"\" class=\"wp-image-317\" srcset=\"https:\/\/cicech.org\/wp-content\/uploads\/2023\/10\/231007Aniversario3-1024x576.jpg 1024w, https:\/\/cicech.org\/wp-content\/uploads\/2023\/10\/231007Aniversario3-300x169.jpg 300w, https:\/\/cicech.org\/wp-content\/uploads\/2023\/10\/231007Aniversario3-768x432.jpg 768w, https:\/\/cicech.org\/wp-content\/uploads\/2023\/10\/231007Aniversario3-1536x864.jpg 1536w, https:\/\/cicech.org\/wp-content\/uploads\/2023\/10\/231007Aniversario3.jpg 1600w\" sizes=\"(max-width: 1024px) 100vw, 1024px\" \/><\/figure>\n\n\n\n<p>Rub\u00e9n Villagra, quien tambi\u00e9n tuvo la oportunidad de dirigirse a los presentes, comparti\u00f3 reflexiones sobre su tiempo en la CICECH y c\u00f3mo la organizaci\u00f3n ha sido un pilar en la comunidad. Sus palabras estuvieron llenas de optimismo y aliento para los desaf\u00edos futuros que enfrentaremos juntos.<\/p>\n\n\n\n<figure class=\"wp-block-image size-large\"><img decoding=\"async\" loading=\"lazy\" width=\"1024\" height=\"576\" src=\"https:\/\/cicech.org\/wp-content\/uploads\/2023\/10\/231007Aniversario4-1024x576.jpg\" alt=\"\" class=\"wp-image-318\" srcset=\"https:\/\/cicech.org\/wp-content\/uploads\/2023\/10\/231007Aniversario4-1024x576.jpg 1024w, https:\/\/cicech.org\/wp-content\/uploads\/2023\/10\/231007Aniversario4-300x169.jpg 300w, https:\/\/cicech.org\/wp-content\/uploads\/2023\/10\/231007Aniversario4-768x432.jpg 768w, https:\/\/cicech.org\/wp-content\/uploads\/2023\/10\/231007Aniversario4-1536x864.jpg 1536w, https:\/\/cicech.org\/wp-content\/uploads\/2023\/10\/231007Aniversario4.jpg 1600w\" sizes=\"(max-width: 1024px) 100vw, 1024px\" \/><\/figure>\n\n\n\n<p>Para cerrar el ciclo de discursos, la ex secretaria del directorio y actual concejal electa, Claudia Monaj\u00ed, subray\u00f3 la importancia de la CICECH en su desarrollo profesional. Agradeci\u00f3 a la organizaci\u00f3n por ser un impulso que le permiti\u00f3 llegar a su actual posici\u00f3n en el concejo deliberante, destacando la relevancia de la C\u00e1mara m\u00e1s all\u00e1 del \u00e1mbito empresarial.<\/p>\n\n\n\n<figure class=\"wp-block-image size-large\"><img decoding=\"async\" loading=\"lazy\" width=\"1024\" height=\"576\" src=\"https:\/\/cicech.org\/wp-content\/uploads\/2023\/10\/231007Aniversario5-1024x576.jpg\" alt=\"\" class=\"wp-image-320\" srcset=\"https:\/\/cicech.org\/wp-content\/uploads\/2023\/10\/231007Aniversario5-1024x576.jpg 1024w, https:\/\/cicech.org\/wp-content\/uploads\/2023\/10\/231007Aniversario5-300x169.jpg 300w, https:\/\/cicech.org\/wp-content\/uploads\/2023\/10\/231007Aniversario5-768x432.jpg 768w, https:\/\/cicech.org\/wp-content\/uploads\/2023\/10\/231007Aniversario5.jpg 1280w\" sizes=\"(max-width: 1024px) 100vw, 1024px\" \/><\/figure>\n\n\n\n<p>Este aniversario no solo fue una oportunidad para mirar atr\u00e1s y celebrar nuestros logros, sino tambi\u00e9n para enfocarnos en el futuro con renovado entusiasmo. Fue una noche que reafirm\u00f3 la importancia de la unidad y la colaboraci\u00f3n en la superaci\u00f3n de los desaf\u00edos que nos esperan.<\/p>\n\n\n\n<figure class=\"wp-block-image size-large\"><img decoding=\"async\" loading=\"lazy\" width=\"1024\" height=\"478\" src=\"https:\/\/cicech.org\/wp-content\/uploads\/2023\/10\/231007Aniversario6-1024x478.jpg\" alt=\"\" class=\"wp-image-321\" srcset=\"https:\/\/cicech.org\/wp-content\/uploads\/2023\/10\/231007Aniversario6-1024x478.jpg 1024w, https:\/\/cicech.org\/wp-content\/uploads\/2023\/10\/231007Aniversario6-300x140.jpg 300w, https:\/\/cicech.org\/wp-content\/uploads\/2023\/10\/231007Aniversario6-768x359.jpg 768w, https:\/\/cicech.org\/wp-content\/uploads\/2023\/10\/231007Aniversario6-1536x717.jpg 1536w, https:\/\/cicech.org\/wp-content\/uploads\/2023\/10\/231007Aniversario6.jpg 1600w\" sizes=\"(max-width: 1024px) 100vw, 1024px\" \/><\/figure>\n\n\n\n<p>Gracias a todos por ser parte de esta memorable celebraci\u00f3n. \u00a1Por muchos m\u00e1s a\u00f1os de \u00e9xito y colaboraci\u00f3n, feliz aniversario CICECH!<\/p>\n","protected":false},"excerpt":{"rendered":"<p>El viernes 6 de octubre de 2023 marc\u00f3 un hito especial en la historia de la C\u00e1mara de Industria y Comercio del Este del Chubut (CICECH). Nos reunimos para celebrar un nuevo aniversario desde nuestra fundaci\u00f3n el 20 de septiembre de 1952. El evento, lleno de emoci\u00f3n y camarader\u00eda, cont\u00f3 con la presencia de socios, [&hellip;]<\/p>\n","protected":false},"author":1,"featured_media":0,"comment_status":"open","ping_status":"open","sticky":false,"template":"","format":"standard","meta":{"om_disable_all_campaigns":false,"_monsterinsights_skip_tracking":false,"_monsterinsights_sitenote_active":false,"_monsterinsights_sitenote_note":"","_monsterinsights_sitenote_category":0},"categories":[1],"tags":[],"aioseo_notices":[],"_links":{"self":[{"href":"https:\/\/cicech.org\/index.php\/wp-json\/wp\/v2\/posts\/313"}],"collection":[{"href":"https:\/\/cicech.org\/index.php\/wp-json\/wp\/v2\/posts"}],"about":[{"href":"https:\/\/cicech.org\/index.php\/wp-json\/wp\/v2\/types\/post"}],"author":[{"embeddable":true,"href":"https:\/\/cicech.org\/index.php\/wp-json\/wp\/v2\/users\/1"}],"replies":[{"embeddable":true,"href":"https:\/\/cicech.org\/index.php\/wp-json\/wp\/v2\/comments?post=313"}],"version-history":[{"count":2,"href":"https:\/\/cicech.org\/index.php\/wp-json\/wp\/v2\/posts\/313\/revisions"}],"predecessor-version":[{"id":322,"href":"https:\/\/cicech.org\/index.php\/wp-json\/wp\/v2\/posts\/313\/revisions\/322"}],"wp:attachment":[{"href":"https:\/\/cicech.org\/index.php\/wp-json\/wp\/v2\/media?parent=313"}],"wp:term":[{"taxonomy":"category","embeddable":true,"href":"https:\/\/cicech.org\/index.php\/wp-json\/wp\/v2\/categories?post=313"},{"taxonomy":"post_tag","embeddable":true,"href":"https:\/\/cicech.org\/index.php\/wp-json\/wp\/v2\/tags?post=313"}],"curies":[{"name":"wp","href":"https:\/\/api.w.org\/{rel}","templated":true}]}}