{"id":365,"date":"2023-10-20T20:32:08","date_gmt":"2023-10-20T23:32:08","guid":{"rendered":"https:\/\/cicech.org\/?p=365"},"modified":"2023-10-20T20:38:25","modified_gmt":"2023-10-20T23:38:25","slug":"exitosa-reunion-en-cicech-con-futuro-ministro-de-turismo","status":"publish","type":"post","link":"https:\/\/cicech.org\/index.php\/2023\/10\/20\/exitosa-reunion-en-cicech-con-futuro-ministro-de-turismo\/","title":{"rendered":"Exitosa Reuni\u00f3n en CICECH con Futuro Ministro de Turismo"},"content":{"rendered":"\n<p>La C\u00e1mara de Industria y Comercio del Este del Chubut (CICECH) se visti\u00f3 de gala al recibir a numerosos actores clave del sector tur\u00edstico para un di\u00e1logo constructivo sobre el futuro de la industria en la regi\u00f3n. El evento, que cont\u00f3 con una alta participaci\u00f3n de prestadores y empresarios del sector, tuvo como invitados especiales a Diego Lapenna, el pr\u00f3ximo Ministro de Turismo y \u00c1reas Protegidas de la Provincia, y a Juan Pav\u00f3n, quien liderar\u00e1 la nueva Secretar\u00eda de Industria, Comercio y Turismo de Trelew.<\/p>\n\n\n\n<figure class=\"wp-block-image size-large\"><img decoding=\"async\" loading=\"lazy\" width=\"1024\" height=\"683\" src=\"https:\/\/cicech.org\/wp-content\/uploads\/2023\/10\/231020MinTur1-1024x683.jpeg\" alt=\"\" class=\"wp-image-368\" srcset=\"https:\/\/cicech.org\/wp-content\/uploads\/2023\/10\/231020MinTur1-1024x683.jpeg 1024w, https:\/\/cicech.org\/wp-content\/uploads\/2023\/10\/231020MinTur1-300x200.jpeg 300w, https:\/\/cicech.org\/wp-content\/uploads\/2023\/10\/231020MinTur1-768x512.jpeg 768w, https:\/\/cicech.org\/wp-content\/uploads\/2023\/10\/231020MinTur1.jpeg 1280w\" sizes=\"(max-width: 1024px) 100vw, 1024px\" \/><\/figure>\n\n\n\n<p>Miguel Ramos, al frente del Ente Trelew Tur\u00edstico (EnTreTur), resalt\u00f3 la productividad del encuentro, se\u00f1alando que se abordaron temas cruciales como los atractivos tur\u00edsticos en desarrollo y el potencial de Trelew en este \u00e1mbito. Los asistentes se mostraron particularmente impresionados con Lapenna, destacando su enfoque decidido y su energ\u00eda para impulsar el sector.<\/p>\n\n\n\n<figure class=\"wp-block-image size-large\"><img decoding=\"async\" loading=\"lazy\" width=\"1024\" height=\"683\" src=\"https:\/\/cicech.org\/wp-content\/uploads\/2023\/10\/231020MinTur2-1024x683.jpeg\" alt=\"\" class=\"wp-image-369\" srcset=\"https:\/\/cicech.org\/wp-content\/uploads\/2023\/10\/231020MinTur2-1024x683.jpeg 1024w, https:\/\/cicech.org\/wp-content\/uploads\/2023\/10\/231020MinTur2-300x200.jpeg 300w, https:\/\/cicech.org\/wp-content\/uploads\/2023\/10\/231020MinTur2-768x512.jpeg 768w, https:\/\/cicech.org\/wp-content\/uploads\/2023\/10\/231020MinTur2.jpeg 1280w\" sizes=\"(max-width: 1024px) 100vw, 1024px\" \/><\/figure>\n\n\n\n<p>El di\u00e1logo tambi\u00e9n sirvi\u00f3 para empezar a trazar l\u00edneas de colaboraci\u00f3n con las autoridades provinciales en \u00e1reas diversas como la paleontolog\u00eda, la observaci\u00f3n de aves y el turismo cultural. M\u00f3nica Montes Roberts, gerente de EnTreTur, subray\u00f3 la importancia de la reuni\u00f3n como un espacio para alinear expectativas y discutir desaf\u00edos, incluida la necesidad de fortalecer la infraestructura aeroportuaria de la regi\u00f3n.<\/p>\n\n\n\n<p>Por su parte, Diego Lapenna se mostr\u00f3 gratamente sorprendido por la alta participaci\u00f3n y expres\u00f3 su optimismo sobre el futuro del turismo en la provincia, reafirmando su compromiso de trabajar en estrecha colaboraci\u00f3n con el sector privado para hacer realidad el potencial tur\u00edstico de la regi\u00f3n.<\/p>\n\n\n\n<figure class=\"wp-block-image size-large\"><img decoding=\"async\" loading=\"lazy\" width=\"1024\" height=\"472\" src=\"https:\/\/cicech.org\/wp-content\/uploads\/2023\/10\/231020MinTur3-1024x472.jpeg\" alt=\"\" class=\"wp-image-371\" srcset=\"https:\/\/cicech.org\/wp-content\/uploads\/2023\/10\/231020MinTur3-1024x472.jpeg 1024w, https:\/\/cicech.org\/wp-content\/uploads\/2023\/10\/231020MinTur3-300x138.jpeg 300w, https:\/\/cicech.org\/wp-content\/uploads\/2023\/10\/231020MinTur3-768x354.jpeg 768w, https:\/\/cicech.org\/wp-content\/uploads\/2023\/10\/231020MinTur3-1536x708.jpeg 1536w, https:\/\/cicech.org\/wp-content\/uploads\/2023\/10\/231020MinTur3.jpeg 1600w\" sizes=\"(max-width: 1024px) 100vw, 1024px\" \/><\/figure>\n\n\n\n<p>Este evento reafirma el papel de CICECH como facilitador del di\u00e1logo y la colaboraci\u00f3n entre el sector p\u00fablico y privado, contribuyendo al desarrollo sostenible y al fortalecimiento de la industria tur\u00edstica en la regi\u00f3n.<\/p>\n","protected":false},"excerpt":{"rendered":"<p>La C\u00e1mara de Industria y Comercio del Este del Chubut (CICECH) se visti\u00f3 de gala al recibir a numerosos actores clave del sector tur\u00edstico para un di\u00e1logo constructivo sobre el futuro de la industria en la regi\u00f3n. El evento, que cont\u00f3 con una alta participaci\u00f3n de prestadores y empresarios del sector, tuvo como invitados especiales [&hellip;]<\/p>\n","protected":false},"author":1,"featured_media":0,"comment_status":"open","ping_status":"open","sticky":false,"template":"","format":"standard","meta":{"om_disable_all_campaigns":false,"_monsterinsights_skip_tracking":false,"_monsterinsights_sitenote_active":false,"_monsterinsights_sitenote_note":"","_monsterinsights_sitenote_category":0},"categories":[8,7],"tags":[],"aioseo_notices":[],"_links":{"self":[{"href":"https:\/\/cicech.org\/index.php\/wp-json\/wp\/v2\/posts\/365"}],"collection":[{"href":"https:\/\/cicech.org\/index.php\/wp-json\/wp\/v2\/posts"}],"about":[{"href":"https:\/\/cicech.org\/index.php\/wp-json\/wp\/v2\/types\/post"}],"author":[{"embeddable":true,"href":"https:\/\/cicech.org\/index.php\/wp-json\/wp\/v2\/users\/1"}],"replies":[{"embeddable":true,"href":"https:\/\/cicech.org\/index.php\/wp-json\/wp\/v2\/comments?post=365"}],"version-history":[{"count":3,"href":"https:\/\/cicech.org\/index.php\/wp-json\/wp\/v2\/posts\/365\/revisions"}],"predecessor-version":[{"id":372,"href":"https:\/\/cicech.org\/index.php\/wp-json\/wp\/v2\/posts\/365\/revisions\/372"}],"wp:attachment":[{"href":"https:\/\/cicech.org\/index.php\/wp-json\/wp\/v2\/media?parent=365"}],"wp:term":[{"taxonomy":"category","embeddable":true,"href":"https:\/\/cicech.org\/index.php\/wp-json\/wp\/v2\/categories?post=365"},{"taxonomy":"post_tag","embeddable":true,"href":"https:\/\/cicech.org\/index.php\/wp-json\/wp\/v2\/tags?post=365"}],"curies":[{"name":"wp","href":"https:\/\/api.w.org\/{rel}","templated":true}]}}