{"id":385,"date":"2023-10-24T18:44:31","date_gmt":"2023-10-24T21:44:31","guid":{"rendered":"https:\/\/cicech.org\/?p=385"},"modified":"2023-10-24T19:16:48","modified_gmt":"2023-10-24T22:16:48","slug":"reunion-con-el-jefe-de-policia-de-chubut-nuestro-primer-paso-en-proyecto-por-la-seguridad-comunitaria","status":"publish","type":"post","link":"https:\/\/cicech.org\/index.php\/2023\/10\/24\/reunion-con-el-jefe-de-policia-de-chubut-nuestro-primer-paso-en-proyecto-por-la-seguridad-comunitaria\/","title":{"rendered":"Reuni\u00f3n con el Jefe de Polic\u00eda de Chubut: Nuestro Primer Paso en Proyecto por la Seguridad Comunitaria"},"content":{"rendered":"\n<p>La C\u00e1mara de Industria y Comercio del Este del Chubut (CICECH) tuvo el honor de recibir en su sede a C\u00e9sar Brandt, Jefe de Polic\u00eda de Chubut, acompa\u00f1ado por el Subjefe y autoridades policiales locales. Este encuentro tuvo como objetivo principal recabar informaci\u00f3n relevante sobre la situaci\u00f3n actual de las fuerzas de seguridad y explorar posibles v\u00edas de colaboraci\u00f3n dentro de lo que la normativa permite.<\/p>\n\n\n\n<figure class=\"wp-block-image size-large\"><img decoding=\"async\" loading=\"lazy\" width=\"1024\" height=\"478\" src=\"https:\/\/cicech.org\/wp-content\/uploads\/2023\/10\/231024Policia1-1024x478.jpg\" alt=\"\" class=\"wp-image-388\" srcset=\"https:\/\/cicech.org\/wp-content\/uploads\/2023\/10\/231024Policia1-1024x478.jpg 1024w, https:\/\/cicech.org\/wp-content\/uploads\/2023\/10\/231024Policia1-300x140.jpg 300w, https:\/\/cicech.org\/wp-content\/uploads\/2023\/10\/231024Policia1-768x359.jpg 768w, https:\/\/cicech.org\/wp-content\/uploads\/2023\/10\/231024Policia1-1536x717.jpg 1536w, https:\/\/cicech.org\/wp-content\/uploads\/2023\/10\/231024Policia1.jpg 1600w\" sizes=\"(max-width: 1024px) 100vw, 1024px\" \/><\/figure>\n\n\n\n<h4 class=\"wp-block-heading\">Un Proyecto para la Comunidad<\/h4>\n\n\n\n<p>Desde la CICECH, estamos en las primeras etapas de un proyecto que tiene como objetivo fortalecer la seguridad en nuestra comunidad. La reuni\u00f3n sirvi\u00f3 como un espacio invaluable para discutir temas cr\u00edticos, como la optimizaci\u00f3n de recursos, la sinergia con la municipalidad y la provincia, y c\u00f3mo podr\u00edamos apoyar diversas propuestas para mejorar la seguridad.<\/p>\n\n\n\n<h4 class=\"wp-block-heading\">Aprendizaje y Colaboraci\u00f3n<\/h4>\n\n\n\n<p>Durante la reuni\u00f3n, tambi\u00e9n se analiz\u00f3 el funcionamiento de las fuerzas de seguridad en localidades vecinas como Rawson, Puerto Madryn, as\u00ed como en Esquel y Comodoro. Este an\u00e1lisis comparativo nos permitir\u00e1 aprender de las mejores pr\u00e1cticas y adaptarlas a las necesidades espec\u00edficas de Trelew. Nuestra preocupaci\u00f3n por la situaci\u00f3n en nuestra ciudad nos motiva a prestar la m\u00e1xima atenci\u00f3n y cuidado en este \u00e1mbito, con el objetivo de avanzar en una propuesta s\u00f3lida y efectiva.<\/p>\n\n\n\n<figure class=\"wp-block-image size-large\"><img decoding=\"async\" loading=\"lazy\" width=\"1024\" height=\"478\" src=\"https:\/\/cicech.org\/wp-content\/uploads\/2023\/10\/231024Policia2-1024x478.jpg\" alt=\"\" class=\"wp-image-389\" srcset=\"https:\/\/cicech.org\/wp-content\/uploads\/2023\/10\/231024Policia2-1024x478.jpg 1024w, https:\/\/cicech.org\/wp-content\/uploads\/2023\/10\/231024Policia2-300x140.jpg 300w, https:\/\/cicech.org\/wp-content\/uploads\/2023\/10\/231024Policia2-768x359.jpg 768w, https:\/\/cicech.org\/wp-content\/uploads\/2023\/10\/231024Policia2-1536x717.jpg 1536w, https:\/\/cicech.org\/wp-content\/uploads\/2023\/10\/231024Policia2.jpg 1600w\" sizes=\"(max-width: 1024px) 100vw, 1024px\" \/><\/figure>\n\n\n\n<h4 class=\"wp-block-heading\">Agradecimientos<\/h4>\n\n\n\n<p>Queremos expresar nuestro m\u00e1s profundo agradecimiento al Jefe de Polic\u00eda, C\u00e9sar Brandt, y a todo su equipo, por su disposici\u00f3n y apertura. La voluntad de mantener una comunicaci\u00f3n constante y efectiva demuestra un compromiso inquebrantable con la fuerza policial y con el bienestar de los ciudadanos. Fue un honor recibirlos en nuestra casa, la CICECH, y esperamos continuar trabajando juntos en este proyecto vital para nuestra comunidad.<\/p>\n","protected":false},"excerpt":{"rendered":"<p>La C\u00e1mara de Industria y Comercio del Este del Chubut (CICECH) tuvo el honor de recibir en su sede a C\u00e9sar Brandt, Jefe de Polic\u00eda de Chubut, acompa\u00f1ado por el Subjefe y autoridades policiales locales. Este encuentro tuvo como objetivo principal recabar informaci\u00f3n relevante sobre la situaci\u00f3n actual de las fuerzas de seguridad y explorar [&hellip;]<\/p>\n","protected":false},"author":1,"featured_media":0,"comment_status":"open","ping_status":"open","sticky":false,"template":"","format":"standard","meta":{"om_disable_all_campaigns":false,"_monsterinsights_skip_tracking":false,"_monsterinsights_sitenote_active":false,"_monsterinsights_sitenote_note":"","_monsterinsights_sitenote_category":0},"categories":[13,5],"tags":[],"aioseo_notices":[],"_links":{"self":[{"href":"https:\/\/cicech.org\/index.php\/wp-json\/wp\/v2\/posts\/385"}],"collection":[{"href":"https:\/\/cicech.org\/index.php\/wp-json\/wp\/v2\/posts"}],"about":[{"href":"https:\/\/cicech.org\/index.php\/wp-json\/wp\/v2\/types\/post"}],"author":[{"embeddable":true,"href":"https:\/\/cicech.org\/index.php\/wp-json\/wp\/v2\/users\/1"}],"replies":[{"embeddable":true,"href":"https:\/\/cicech.org\/index.php\/wp-json\/wp\/v2\/comments?post=385"}],"version-history":[{"count":4,"href":"https:\/\/cicech.org\/index.php\/wp-json\/wp\/v2\/posts\/385\/revisions"}],"predecessor-version":[{"id":392,"href":"https:\/\/cicech.org\/index.php\/wp-json\/wp\/v2\/posts\/385\/revisions\/392"}],"wp:attachment":[{"href":"https:\/\/cicech.org\/index.php\/wp-json\/wp\/v2\/media?parent=385"}],"wp:term":[{"taxonomy":"category","embeddable":true,"href":"https:\/\/cicech.org\/index.php\/wp-json\/wp\/v2\/categories?post=385"},{"taxonomy":"post_tag","embeddable":true,"href":"https:\/\/cicech.org\/index.php\/wp-json\/wp\/v2\/tags?post=385"}],"curies":[{"name":"wp","href":"https:\/\/api.w.org\/{rel}","templated":true}]}}