{"id":398,"date":"2023-10-27T08:31:42","date_gmt":"2023-10-27T11:31:42","guid":{"rendered":"https:\/\/cicech.org\/?p=398"},"modified":"2023-10-27T08:33:27","modified_gmt":"2023-10-27T11:33:27","slug":"curso-de-instagram-para-comerciantes-un-exito-rotundo-en-la-cicech","status":"publish","type":"post","link":"https:\/\/cicech.org\/index.php\/2023\/10\/27\/curso-de-instagram-para-comerciantes-un-exito-rotundo-en-la-cicech\/","title":{"rendered":"Curso de &#8220;Instagram para Comerciantes&#8221;: Un \u00c9xito Rotundo en la CICECH"},"content":{"rendered":"\n<p>La C\u00e1mara de Industria y Comercio del Este del Chubut (CICECH) tuvo el honor de organizar el curso &#8220;Instagram para Comerciantes&#8221; el pasado jueves 27 de octubre de 2023. Este evento educativo se dise\u00f1\u00f3 con el objetivo de capacitar a nuestros comerciantes locales en el uso efectivo de Instagram como herramienta de marketing y ventas.<\/p>\n\n\n\n<figure class=\"wp-block-image size-large\"><img decoding=\"async\" loading=\"lazy\" width=\"819\" height=\"1024\" src=\"https:\/\/cicech.org\/wp-content\/uploads\/2023\/10\/231027CursoIG1-819x1024.jpg\" alt=\"\" class=\"wp-image-399\" srcset=\"https:\/\/cicech.org\/wp-content\/uploads\/2023\/10\/231027CursoIG1-819x1024.jpg 819w, https:\/\/cicech.org\/wp-content\/uploads\/2023\/10\/231027CursoIG1-240x300.jpg 240w, https:\/\/cicech.org\/wp-content\/uploads\/2023\/10\/231027CursoIG1-768x960.jpg 768w, https:\/\/cicech.org\/wp-content\/uploads\/2023\/10\/231027CursoIG1.jpg 1080w\" sizes=\"(max-width: 819px) 100vw, 819px\" \/><\/figure>\n\n\n\n<h3 class=\"wp-block-heading\">Temas Abordados<\/h3>\n\n\n\n<figure class=\"wp-block-image size-full\"><img decoding=\"async\" loading=\"lazy\" width=\"768\" height=\"1024\" src=\"https:\/\/cicech.org\/wp-content\/uploads\/2023\/10\/231027CursoIG2.jpg\" alt=\"\" class=\"wp-image-402\" srcset=\"https:\/\/cicech.org\/wp-content\/uploads\/2023\/10\/231027CursoIG2.jpg 768w, https:\/\/cicech.org\/wp-content\/uploads\/2023\/10\/231027CursoIG2-225x300.jpg 225w\" sizes=\"(max-width: 768px) 100vw, 768px\" \/><\/figure>\n\n\n\n<p>Los participantes del curso tuvieron la oportunidad de aprender sobre una variedad de temas cruciales para el \u00e9xito en Instagram:<\/p>\n\n\n\n<h4 class=\"wp-block-heading\">Optimizaci\u00f3n de la BIO<\/h4>\n\n\n\n<ul>\n<li>Aprendimos c\u00f3mo una BIO bien elaborada puede ser la clave para ganar seguidores y generar una primera impresi\u00f3n positiva.<\/li>\n<\/ul>\n\n\n\n<h4 class=\"wp-block-heading\">Dise\u00f1o Armonioso<\/h4>\n\n\n\n<ul>\n<li>Se discutieron las mejores pr\u00e1cticas para mantener un dise\u00f1o visualmente atractivo y coherente en el feed.<\/li>\n<\/ul>\n\n\n\n<h4 class=\"wp-block-heading\">Generaci\u00f3n de Contenido<\/h4>\n\n\n\n<ul>\n<li>Se ofrecieron estrategias para decidir qu\u00e9 postear y c\u00f3mo crear contenido que resuene con la audiencia.<\/li>\n<\/ul>\n\n\n\n<h4 class=\"wp-block-heading\">D\u00edas y Horarios para Publicar<\/h4>\n\n\n\n<ul>\n<li>Se compartieron insights sobre los momentos m\u00e1s efectivos para captar la atenci\u00f3n de los seguidores.<\/li>\n<\/ul>\n\n\n\n<h4 class=\"wp-block-heading\">Formatos Recomendados<\/h4>\n\n\n\n<ul>\n<li>Se exploraron los diferentes formatos de publicaci\u00f3n, desde fotos y videos hasta carousels y stories.<\/li>\n<\/ul>\n\n\n\n<h4 class=\"wp-block-heading\">Automatizaci\u00f3n de Publicaciones<\/h4>\n\n\n\n<ul>\n<li>Se ense\u00f1\u00f3 c\u00f3mo programar y automatizar publicaciones para mantener una presencia constante sin el esfuerzo manual.<\/li>\n<\/ul>\n\n\n\n<h4 class=\"wp-block-heading\">Crecimiento Org\u00e1nico<\/h4>\n\n\n\n<ul>\n<li>Se dieron consejos sobre c\u00f3mo ganar seguidores de manera org\u00e1nica y sostenible.<\/li>\n<\/ul>\n\n\n\n<h4 class=\"wp-block-heading\">Aumento de la Interacci\u00f3n<\/h4>\n\n\n\n<ul>\n<li>Se proporcionaron t\u00e1cticas para impulsar la interacci\u00f3n y el compromiso en la cuenta.<\/li>\n<\/ul>\n\n\n\n<h4 class=\"wp-block-heading\">Planificaci\u00f3n Efectiva<\/h4>\n\n\n\n<ul>\n<li>Se ofrecieron herramientas para planificar una estrategia de contenido efectiva y coherente.<\/li>\n<\/ul>\n\n\n\n<h4 class=\"wp-block-heading\">Apps \u00datiles<\/h4>\n\n\n\n<ul>\n<li>Se recomend\u00f3 una lista de aplicaciones \u00fatiles para la edici\u00f3n de im\u00e1genes, programaci\u00f3n de publicaciones y an\u00e1lisis de m\u00e9tricas.<\/li>\n<\/ul>\n\n\n\n<figure class=\"wp-block-image size-full\"><img decoding=\"async\" loading=\"lazy\" width=\"768\" height=\"1024\" src=\"https:\/\/cicech.org\/wp-content\/uploads\/2023\/10\/231027CursoIG3.jpg\" alt=\"\" class=\"wp-image-403\" srcset=\"https:\/\/cicech.org\/wp-content\/uploads\/2023\/10\/231027CursoIG3.jpg 768w, https:\/\/cicech.org\/wp-content\/uploads\/2023\/10\/231027CursoIG3-225x300.jpg 225w\" sizes=\"(max-width: 768px) 100vw, 768px\" \/><\/figure>\n\n\n\n<h3 class=\"wp-block-heading\">Agradecimientos<\/h3>\n\n\n\n<p>Queremos expresar nuestro m\u00e1s profundo agradecimiento a todos los participantes por su entusiasmo y participaci\u00f3n activa. Estamos seguros de que las habilidades y conocimientos adquiridos contribuir\u00e1n significativamente al \u00e9xito de sus respectivos negocios en la plataforma de Instagram.<\/p>\n\n\n\n<figure class=\"wp-block-image size-large\"><img decoding=\"async\" loading=\"lazy\" width=\"1024\" height=\"478\" src=\"https:\/\/cicech.org\/wp-content\/uploads\/2023\/10\/231027CursoIG4-1024x478.jpg\" alt=\"\" class=\"wp-image-404\" srcset=\"https:\/\/cicech.org\/wp-content\/uploads\/2023\/10\/231027CursoIG4-1024x478.jpg 1024w, https:\/\/cicech.org\/wp-content\/uploads\/2023\/10\/231027CursoIG4-300x140.jpg 300w, https:\/\/cicech.org\/wp-content\/uploads\/2023\/10\/231027CursoIG4-768x358.jpg 768w, https:\/\/cicech.org\/wp-content\/uploads\/2023\/10\/231027CursoIG4.jpg 1280w\" sizes=\"(max-width: 1024px) 100vw, 1024px\" \/><\/figure>\n\n\n\n<h3 class=\"wp-block-heading\">Pr\u00f3ximos Pasos<\/h3>\n\n\n\n<p>Animados por el \u00e9xito de este curso, la CICECH est\u00e1 en el proceso de organizar m\u00e1s talleres y cursos en el futuro cercano. Mant\u00e9nganse atentos para m\u00e1s actualizaciones.<\/p>\n\n\n\n<p>Para m\u00e1s informaci\u00f3n sobre futuros eventos y cursos, no duden en visitar nuestro sitio web o seguirnos en nuestras redes sociales.<\/p>\n","protected":false},"excerpt":{"rendered":"<p>La C\u00e1mara de Industria y Comercio del Este del Chubut (CICECH) tuvo el honor de organizar el curso &#8220;Instagram para Comerciantes&#8221; el pasado jueves 27 de octubre de 2023. Este evento educativo se dise\u00f1\u00f3 con el objetivo de capacitar a nuestros comerciantes locales en el uso efectivo de Instagram como herramienta de marketing y ventas. [&hellip;]<\/p>\n","protected":false},"author":1,"featured_media":0,"comment_status":"open","ping_status":"open","sticky":false,"template":"","format":"standard","meta":{"om_disable_all_campaigns":false,"_monsterinsights_skip_tracking":false,"_monsterinsights_sitenote_active":false,"_monsterinsights_sitenote_note":"","_monsterinsights_sitenote_category":0},"categories":[5,6],"tags":[],"aioseo_notices":[],"_links":{"self":[{"href":"https:\/\/cicech.org\/index.php\/wp-json\/wp\/v2\/posts\/398"}],"collection":[{"href":"https:\/\/cicech.org\/index.php\/wp-json\/wp\/v2\/posts"}],"about":[{"href":"https:\/\/cicech.org\/index.php\/wp-json\/wp\/v2\/types\/post"}],"author":[{"embeddable":true,"href":"https:\/\/cicech.org\/index.php\/wp-json\/wp\/v2\/users\/1"}],"replies":[{"embeddable":true,"href":"https:\/\/cicech.org\/index.php\/wp-json\/wp\/v2\/comments?post=398"}],"version-history":[{"count":2,"href":"https:\/\/cicech.org\/index.php\/wp-json\/wp\/v2\/posts\/398\/revisions"}],"predecessor-version":[{"id":405,"href":"https:\/\/cicech.org\/index.php\/wp-json\/wp\/v2\/posts\/398\/revisions\/405"}],"wp:attachment":[{"href":"https:\/\/cicech.org\/index.php\/wp-json\/wp\/v2\/media?parent=398"}],"wp:term":[{"taxonomy":"category","embeddable":true,"href":"https:\/\/cicech.org\/index.php\/wp-json\/wp\/v2\/categories?post=398"},{"taxonomy":"post_tag","embeddable":true,"href":"https:\/\/cicech.org\/index.php\/wp-json\/wp\/v2\/tags?post=398"}],"curies":[{"name":"wp","href":"https:\/\/api.w.org\/{rel}","templated":true}]}}