{"id":500,"date":"2023-12-12T11:17:33","date_gmt":"2023-12-12T14:17:33","guid":{"rendered":"https:\/\/cicech.org\/?p=500"},"modified":"2023-12-12T11:18:50","modified_gmt":"2023-12-12T14:18:50","slug":"la-cicech-felicita-al-nuevo-intendente-de-trelew-gerardo-merino-en-su-asuncion","status":"publish","type":"post","link":"https:\/\/cicech.org\/index.php\/2023\/12\/12\/la-cicech-felicita-al-nuevo-intendente-de-trelew-gerardo-merino-en-su-asuncion\/","title":{"rendered":"La CICECH Felicita al Nuevo Intendente de Trelew, Gerardo Merino, en su Asunci\u00f3n"},"content":{"rendered":"\n<figure class=\"wp-block-image size-large\"><img decoding=\"async\" loading=\"lazy\" width=\"1024\" height=\"576\" src=\"https:\/\/cicech.org\/wp-content\/uploads\/2023\/12\/231212MerinoAsume2-1024x576.jpg\" alt=\"\" class=\"wp-image-503\" srcset=\"https:\/\/cicech.org\/wp-content\/uploads\/2023\/12\/231212MerinoAsume2-1024x576.jpg 1024w, https:\/\/cicech.org\/wp-content\/uploads\/2023\/12\/231212MerinoAsume2-300x169.jpg 300w, https:\/\/cicech.org\/wp-content\/uploads\/2023\/12\/231212MerinoAsume2-768x432.jpg 768w, https:\/\/cicech.org\/wp-content\/uploads\/2023\/12\/231212MerinoAsume2.jpg 1280w\" sizes=\"(max-width: 1024px) 100vw, 1024px\" \/><\/figure>\n\n\n\n<p>El pasado 10 de diciembre de 2023, la C\u00e1mara de Industria y Comercio del Este del Chubut (CICECH) tuvo el honor de estar presente en la ceremonia de asunci\u00f3n del nuevo Intendente de Trelew, Gerardo Merino. Desde la CICECH, extendemos nuestras m\u00e1s sinceras felicitaciones al Intendente Merino y reafirmamos nuestro compromiso de trabajar juntos por el bienestar y el progreso de nuestra ciudad.<\/p>\n\n\n\n<p>Durante su discurso de asunci\u00f3n, el Intendente Merino deline\u00f3 su visi\u00f3n y las directrices que regir\u00e1n su mandato, destacando su compromiso con una gesti\u00f3n eficiente, transparente y enfocada en el crecimiento ordenado de Trelew. Queremos destacar algunos puntos clave de su discurso que resuenan profundamente con los valores y objetivos de nuestra C\u00e1mara.<\/p>\n\n\n\n<p>El nombramiento de Claudio Javier Mu\u00f1oz y Javier Loyola al frente de la Guardia Urbana es una decisi\u00f3n que refleja la confianza en su experiencia y conocimiento en seguridad urbana, un aspecto crucial para la calidad de vida de nuestros ciudadanos.<\/p>\n\n\n\n<p>En el \u00e1rea de Hacienda, el Intendente subray\u00f3 la importancia de una gesti\u00f3n austera y transparente, con un enfoque tanto en la recaudaci\u00f3n como en el manejo responsable de las deudas de la ciudad. Este enfoque es fundamental para garantizar la sostenibilidad financiera y la confianza en la administraci\u00f3n municipal.<\/p>\n\n\n\n<p>La necesidad de afrontar el crecimiento ordenado de la ciudad a trav\u00e9s de la Planificaci\u00f3n y Desarrollo Urbano, as\u00ed como la atenci\u00f3n a los servicios p\u00fablicos y al medio ambiente, son desaf\u00edos que reconocemos y compartimos. La revitalizaci\u00f3n de las plazas, calles y espacios p\u00fablicos es esencial para mejorar la calidad de vida en Trelew.<\/p>\n\n\n\n<p>Particularmente significativas son las palabras del Intendente Merino respecto al \u00e1rea de Producci\u00f3n, Comercio, Industria y Turismo. Su visi\u00f3n de impulsar el motor econ\u00f3mico de Trelew y fomentar la inversi\u00f3n en el Parque Industrial es una meta que desde la CICECH apoyamos y en la que estamos dispuestos a colaborar activamente.<\/p>\n\n\n\n<p>Asimismo, aplaudimos la decisi\u00f3n pol\u00edtica de abordar el asistencialismo de manera responsable y digna, asegurando que quienes reciben asistencia sean atendidos adecuadamente, mientras se promueve la dignidad del trabajo en todas las esferas de la administraci\u00f3n municipal.<\/p>\n\n\n\n<p>La CICECH valora especialmente el llamado a trabajar en conjunto con las Asociaciones Vecinales, las C\u00e1maras y la Iglesia. Creemos firmemente en el poder de la colaboraci\u00f3n y el trabajo conjunto entre diferentes sectores para alcanzar metas comunes.<\/p>\n\n\n\n<figure class=\"wp-block-image size-large\"><img decoding=\"async\" loading=\"lazy\" width=\"576\" height=\"1024\" src=\"https:\/\/cicech.org\/wp-content\/uploads\/2023\/12\/231212MerinoAsume1-576x1024.jpg\" alt=\"\" class=\"wp-image-504\" srcset=\"https:\/\/cicech.org\/wp-content\/uploads\/2023\/12\/231212MerinoAsume1-576x1024.jpg 576w, https:\/\/cicech.org\/wp-content\/uploads\/2023\/12\/231212MerinoAsume1-169x300.jpg 169w, https:\/\/cicech.org\/wp-content\/uploads\/2023\/12\/231212MerinoAsume1.jpg 720w\" sizes=\"(max-width: 576px) 100vw, 576px\" \/><\/figure>\n\n\n\n<p>Se siente motivaci\u00f3n y esperanza por el enfoque y las propuestas del Intendente Merino. Nos comprometemos a ser un socio activo y constructivo en la realizaci\u00f3n de esta visi\u00f3n para Trelew y nos ofrecemos como un puente entre el gobierno municipal, el sector empresarial y la comunidad en general.<\/p>\n\n\n\n<p>Nuevamente, felicitaciones al Intendente Gerardo Merino. Esperamos una gesti\u00f3n fruct\u00edfera y exitosa en beneficio de todos los trelewenses.<\/p>\n","protected":false},"excerpt":{"rendered":"<p>El pasado 10 de diciembre de 2023, la C\u00e1mara de Industria y Comercio del Este del Chubut (CICECH) tuvo el honor de estar presente en la ceremonia de asunci\u00f3n del nuevo Intendente de Trelew, Gerardo Merino. Desde la CICECH, extendemos nuestras m\u00e1s sinceras felicitaciones al Intendente Merino y reafirmamos nuestro compromiso de trabajar juntos por [&hellip;]<\/p>\n","protected":false},"author":1,"featured_media":0,"comment_status":"open","ping_status":"open","sticky":false,"template":"","format":"standard","meta":{"om_disable_all_campaigns":false,"_monsterinsights_skip_tracking":false,"_monsterinsights_sitenote_active":false,"_monsterinsights_sitenote_note":"","_monsterinsights_sitenote_category":0},"categories":[8,10],"tags":[],"aioseo_notices":[],"_links":{"self":[{"href":"https:\/\/cicech.org\/index.php\/wp-json\/wp\/v2\/posts\/500"}],"collection":[{"href":"https:\/\/cicech.org\/index.php\/wp-json\/wp\/v2\/posts"}],"about":[{"href":"https:\/\/cicech.org\/index.php\/wp-json\/wp\/v2\/types\/post"}],"author":[{"embeddable":true,"href":"https:\/\/cicech.org\/index.php\/wp-json\/wp\/v2\/users\/1"}],"replies":[{"embeddable":true,"href":"https:\/\/cicech.org\/index.php\/wp-json\/wp\/v2\/comments?post=500"}],"version-history":[{"count":2,"href":"https:\/\/cicech.org\/index.php\/wp-json\/wp\/v2\/posts\/500\/revisions"}],"predecessor-version":[{"id":505,"href":"https:\/\/cicech.org\/index.php\/wp-json\/wp\/v2\/posts\/500\/revisions\/505"}],"wp:attachment":[{"href":"https:\/\/cicech.org\/index.php\/wp-json\/wp\/v2\/media?parent=500"}],"wp:term":[{"taxonomy":"category","embeddable":true,"href":"https:\/\/cicech.org\/index.php\/wp-json\/wp\/v2\/categories?post=500"},{"taxonomy":"post_tag","embeddable":true,"href":"https:\/\/cicech.org\/index.php\/wp-json\/wp\/v2\/tags?post=500"}],"curies":[{"name":"wp","href":"https:\/\/api.w.org\/{rel}","templated":true}]}}