{"id":673,"date":"2024-03-24T10:16:27","date_gmt":"2024-03-24T13:16:27","guid":{"rendered":"https:\/\/cicech.org\/?p=673"},"modified":"2024-03-24T10:16:27","modified_gmt":"2024-03-24T13:16:27","slug":"fortaleciendo-la-seguridad-en-trelew-un-compromiso-conjunto-de-cicech-y-el-area-de-seguridad-municipal","status":"publish","type":"post","link":"https:\/\/cicech.org\/index.php\/2024\/03\/24\/fortaleciendo-la-seguridad-en-trelew-un-compromiso-conjunto-de-cicech-y-el-area-de-seguridad-municipal\/","title":{"rendered":"Fortaleciendo la Seguridad en Trelew: Un Compromiso Conjunto de CICECH y el \u00c1rea de Seguridad Municipal"},"content":{"rendered":"\n<figure class=\"wp-block-image size-large\"><img decoding=\"async\" loading=\"lazy\" width=\"1024\" height=\"576\" src=\"https:\/\/cicech.org\/wp-content\/uploads\/2024\/03\/240324Seguridad1-1024x576.jpg\" alt=\"\" class=\"wp-image-675\" srcset=\"https:\/\/cicech.org\/wp-content\/uploads\/2024\/03\/240324Seguridad1-1024x576.jpg 1024w, https:\/\/cicech.org\/wp-content\/uploads\/2024\/03\/240324Seguridad1-300x169.jpg 300w, https:\/\/cicech.org\/wp-content\/uploads\/2024\/03\/240324Seguridad1-768x432.jpg 768w, https:\/\/cicech.org\/wp-content\/uploads\/2024\/03\/240324Seguridad1.jpg 1280w\" sizes=\"(max-width: 1024px) 100vw, 1024px\" \/><\/figure>\n\n\n\n<p>En un encuentro clave para la seguridad y el desarrollo comercial de Trelew y sus zonas aleda\u00f1as, miembros del directorio de la C\u00e1mara de Industria y Comercio del Este del Chubut (CICECH) se reunieron con Adri\u00e1n Mu\u00f1oz, responsable del \u00e1rea de Seguridad de Trelew. La reuni\u00f3n tuvo un enfoque estrat\u00e9gico, abordando temas cruciales para la seguridad en la regi\u00f3n, con especial atenci\u00f3n en un proyecto innovador: la creaci\u00f3n de una escuela de suboficiales en Trelew.<\/p>\n\n\n\n<p>Este proyecto a mediano plazo, destinado a la capacitaci\u00f3n de suboficiales que servir\u00e1n no solo a Trelew sino tambi\u00e9n a Rawson, el Valle inferior del R\u00edo Chubut y Puerto Madryn, representa una iniciativa significativa para fortalecer las bases de la seguridad local. Desde CICECH, apoyamos decididamente este proyecto, conscientes de la importancia que la seguridad tiene para el desarrollo y bienestar de la actividad comercial y la comunidad en general.<\/p>\n\n\n\n<p>La propuesta de la escuela de suboficiales surge en un momento crucial, donde la necesidad de mejorar la seguridad en Trelew se hace cada vez m\u00e1s evidente. Este proyecto no solo busca formar a profesionales capacitados y dedicados a la seguridad de nuestra regi\u00f3n, sino que tambi\u00e9n promete ser un pilar en la construcci\u00f3n de un entorno m\u00e1s seguro para ciudadanos, comerciantes y visitantes por igual.<\/p>\n\n\n\n<figure class=\"wp-block-image size-large\"><img decoding=\"async\" loading=\"lazy\" width=\"1024\" height=\"576\" src=\"https:\/\/cicech.org\/wp-content\/uploads\/2024\/03\/240324Seguridad2-1024x576.jpg\" alt=\"\" class=\"wp-image-676\" srcset=\"https:\/\/cicech.org\/wp-content\/uploads\/2024\/03\/240324Seguridad2-1024x576.jpg 1024w, https:\/\/cicech.org\/wp-content\/uploads\/2024\/03\/240324Seguridad2-300x169.jpg 300w, https:\/\/cicech.org\/wp-content\/uploads\/2024\/03\/240324Seguridad2-768x432.jpg 768w, https:\/\/cicech.org\/wp-content\/uploads\/2024\/03\/240324Seguridad2.jpg 1280w\" sizes=\"(max-width: 1024px) 100vw, 1024px\" \/><\/figure>\n\n\n\n<p>Apoyar iniciativas como esta es parte de nuestro compromiso en CICECH para contribuir al desarrollo sostenible de nuestra regi\u00f3n. Entendemos que la seguridad es un factor determinante en la calidad de vida y en el clima de negocios, por lo que iniciativas que promuevan una mayor preparaci\u00f3n y profesionalizaci\u00f3n de las fuerzas de seguridad son cruciales para nuestro futuro.<\/p>\n\n\n\n<p>El encuentro con Adri\u00e1n Mu\u00f1oz fue un paso adelante en el di\u00e1logo y la colaboraci\u00f3n entre el sector comercial y las autoridades de seguridad, marcando el inicio de una etapa de trabajo conjunto en pro de un objetivo com\u00fan: garantizar y mejorar la seguridad en nuestra regi\u00f3n. Desde CICECH, reiteramos nuestro apoyo a este proyecto y nos comprometemos a seguir trabajando codo a codo con todas las partes involucradas para hacer de Trelew y sus alrededores un lugar m\u00e1s seguro para todos.<\/p>\n","protected":false},"excerpt":{"rendered":"<p>En un encuentro clave para la seguridad y el desarrollo comercial de Trelew y sus zonas aleda\u00f1as, miembros del directorio de la C\u00e1mara de Industria y Comercio del Este del Chubut (CICECH) se reunieron con Adri\u00e1n Mu\u00f1oz, responsable del \u00e1rea de Seguridad de Trelew. La reuni\u00f3n tuvo un enfoque estrat\u00e9gico, abordando temas cruciales para la [&hellip;]<\/p>\n","protected":false},"author":1,"featured_media":0,"comment_status":"open","ping_status":"open","sticky":false,"template":"","format":"standard","meta":{"om_disable_all_campaigns":false,"_monsterinsights_skip_tracking":false,"_monsterinsights_sitenote_active":false,"_monsterinsights_sitenote_note":"","_monsterinsights_sitenote_category":0},"categories":[13],"tags":[],"aioseo_notices":[],"_links":{"self":[{"href":"https:\/\/cicech.org\/index.php\/wp-json\/wp\/v2\/posts\/673"}],"collection":[{"href":"https:\/\/cicech.org\/index.php\/wp-json\/wp\/v2\/posts"}],"about":[{"href":"https:\/\/cicech.org\/index.php\/wp-json\/wp\/v2\/types\/post"}],"author":[{"embeddable":true,"href":"https:\/\/cicech.org\/index.php\/wp-json\/wp\/v2\/users\/1"}],"replies":[{"embeddable":true,"href":"https:\/\/cicech.org\/index.php\/wp-json\/wp\/v2\/comments?post=673"}],"version-history":[{"count":2,"href":"https:\/\/cicech.org\/index.php\/wp-json\/wp\/v2\/posts\/673\/revisions"}],"predecessor-version":[{"id":677,"href":"https:\/\/cicech.org\/index.php\/wp-json\/wp\/v2\/posts\/673\/revisions\/677"}],"wp:attachment":[{"href":"https:\/\/cicech.org\/index.php\/wp-json\/wp\/v2\/media?parent=673"}],"wp:term":[{"taxonomy":"category","embeddable":true,"href":"https:\/\/cicech.org\/index.php\/wp-json\/wp\/v2\/categories?post=673"},{"taxonomy":"post_tag","embeddable":true,"href":"https:\/\/cicech.org\/index.php\/wp-json\/wp\/v2\/tags?post=673"}],"curies":[{"name":"wp","href":"https:\/\/api.w.org\/{rel}","templated":true}]}}