{"id":69,"date":"2023-08-01T16:12:33","date_gmt":"2023-08-01T19:12:33","guid":{"rendered":"https:\/\/cicech.org\/?p=69"},"modified":"2023-08-01T16:19:11","modified_gmt":"2023-08-01T19:19:11","slug":"cicech-ahora-en-instagram-unete-a-nuestra-comunidad-digital","status":"publish","type":"post","link":"https:\/\/cicech.org\/index.php\/2023\/08\/01\/cicech-ahora-en-instagram-unete-a-nuestra-comunidad-digital\/","title":{"rendered":"\u00a1CICECH Ahora en Instagram! \u00danete a Nuestra Comunidad Digital"},"content":{"rendered":"\n<p>Nos complace anunciar que la C\u00e1mara de Industria y Comercio del Este del Chubut (CICECH) ha ampliado su presencia digital con la creaci\u00f3n de una nueva cuenta de Instagram. Nuestro objetivo es proporcionar una plataforma adicional para interactuar con nuestros miembros, compartir noticias y eventos importantes, y destacar las muchas formas en que nuestra c\u00e1mara est\u00e1 trabajando para apoyar a la comunidad empresarial de Chubut.<\/p>\n\n\n\n<p>Instagram es una plataforma visual y atractiva que nos permite compartir im\u00e1genes y videos de nuestras actividades, eventos y logros. Tambi\u00e9n nos brinda una oportunidad \u00fanica para destacar a nuestros miembros y mostrar la diversidad y la innovaci\u00f3n que caracterizan a nuestra c\u00e1mara.<\/p>\n\n\n\n<p>Nuestra cuenta de Instagram se puede encontrar en <a href=\"https:\/\/www.instagram.com\/camara.de.comercio.tw\/\">@camara.de.comercio.tw<\/a>. Te invitamos a seguirnos y a interactuar con nuestras publicaciones. Ya sea que est\u00e9s buscando actualizaciones sobre eventos pr\u00f3ximos, noticias empresariales, o simplemente quieras conocer m\u00e1s sobre el trabajo que estamos haciendo, nuestra cuenta de Instagram es el lugar para estar.<\/p>\n\n\n\n<p>Adem\u00e1s, nos va a encantar ver c\u00f3mo vos y tu negocio est\u00e1n contribuyendo a la vibrante comunidad empresarial de Chubut. As\u00ed que no dudes en etiquetarnos en tus publicaciones o utilizar nuestro hashtag oficial #CICECH para que podamos compartir tus logros y experiencias.<\/p>\n\n\n\n<p>Estamos motivados por esta nueva aventura en las redes sociales y esperamos que te unas a nosotros. Juntos, podemos hacer de esta plataforma un espacio din\u00e1mico y atractivo que refleje la energ\u00eda y la pasi\u00f3n de nuestra comunidad empresarial.<\/p>\n","protected":false},"excerpt":{"rendered":"<p>Nos complace anunciar que la C\u00e1mara de Industria y Comercio del Este del Chubut (CICECH) ha ampliado su presencia digital con la creaci\u00f3n de una nueva cuenta de Instagram. Nuestro objetivo es proporcionar una plataforma adicional para interactuar con nuestros miembros, compartir noticias y eventos importantes, y destacar las muchas formas en que nuestra c\u00e1mara [&hellip;]<\/p>\n","protected":false},"author":1,"featured_media":0,"comment_status":"open","ping_status":"open","sticky":false,"template":"","format":"standard","meta":{"om_disable_all_campaigns":false,"_monsterinsights_skip_tracking":false,"_monsterinsights_sitenote_active":false,"_monsterinsights_sitenote_note":"","_monsterinsights_sitenote_category":0},"categories":[5,6],"tags":[],"aioseo_notices":[],"_links":{"self":[{"href":"https:\/\/cicech.org\/index.php\/wp-json\/wp\/v2\/posts\/69"}],"collection":[{"href":"https:\/\/cicech.org\/index.php\/wp-json\/wp\/v2\/posts"}],"about":[{"href":"https:\/\/cicech.org\/index.php\/wp-json\/wp\/v2\/types\/post"}],"author":[{"embeddable":true,"href":"https:\/\/cicech.org\/index.php\/wp-json\/wp\/v2\/users\/1"}],"replies":[{"embeddable":true,"href":"https:\/\/cicech.org\/index.php\/wp-json\/wp\/v2\/comments?post=69"}],"version-history":[{"count":1,"href":"https:\/\/cicech.org\/index.php\/wp-json\/wp\/v2\/posts\/69\/revisions"}],"predecessor-version":[{"id":70,"href":"https:\/\/cicech.org\/index.php\/wp-json\/wp\/v2\/posts\/69\/revisions\/70"}],"wp:attachment":[{"href":"https:\/\/cicech.org\/index.php\/wp-json\/wp\/v2\/media?parent=69"}],"wp:term":[{"taxonomy":"category","embeddable":true,"href":"https:\/\/cicech.org\/index.php\/wp-json\/wp\/v2\/categories?post=69"},{"taxonomy":"post_tag","embeddable":true,"href":"https:\/\/cicech.org\/index.php\/wp-json\/wp\/v2\/tags?post=69"}],"curies":[{"name":"wp","href":"https:\/\/api.w.org\/{rel}","templated":true}]}}