{"id":705,"date":"2024-04-08T22:07:09","date_gmt":"2024-04-09T01:07:09","guid":{"rendered":"https:\/\/cicech.org\/?p=705"},"modified":"2024-04-09T05:07:11","modified_gmt":"2024-04-09T08:07:11","slug":"comunicado-conjunto-de-cicech-y-ahg-sobre-la-reunion-con-el-concejal-martin-luna-respecto-a-la-cooperativa-electrica-de-trelew","status":"publish","type":"post","link":"https:\/\/cicech.org\/index.php\/2024\/04\/08\/comunicado-conjunto-de-cicech-y-ahg-sobre-la-reunion-con-el-concejal-martin-luna-respecto-a-la-cooperativa-electrica-de-trelew\/","title":{"rendered":"Comunicado Conjunto de CICECH y AHG sobre la Reuni\u00f3n con el Concejal Mart\u00edn Luna Respecto a la Cooperativa El\u00e9ctrica de Trelew"},"content":{"rendered":"\n<p>Los miembros del directorio de la C\u00e1mara de Industria y Comercio del Este del Chubut (CICECH) y de la Asociaci\u00f3n Hotelera Gastron\u00f3mica de Trelew y Valle del Chubut (AHG) desean informar a sus asociados y a la comunidad en general sobre la reuni\u00f3n mantenida con el concejal Mart\u00edn Luna, centrada en la situaci\u00f3n actual de la cooperativa el\u00e9ctrica de Trelew y los recientes incrementos en las tarifas el\u00e9ctricas.<\/p>\n\n\n\n<p><strong>La convocatoria a esta reuni\u00f3n surgi\u00f3 de una profunda preocupaci\u00f3n por parte de ambas asociaciones ante los considerables incrementos tarifarios<\/strong> recientes, que afectan directamente la econom\u00eda de nuestros asociados y plantean serios desaf\u00edos para la continuidad de numerosos emprendimientos en nuestra regi\u00f3n. Durante el encuentro, se busc\u00f3 obtener una comprensi\u00f3n m\u00e1s profunda sobre el funcionamiento y la estructura de costos de la cooperativa el\u00e9ctrica, as\u00ed como discutir posibles caminos a seguir que puedan aliviar la carga financiera que estos aumentos representan para nuestros miembros.<\/p>\n\n\n\n<p>Nuestra preocupaci\u00f3n principal radica en el significativo costo diferencial reflejado en las facturas de servicios proporcionadas por la cooperativa, lo que pone en riesgo la viabilidad de muchos de nuestros asociados, tanto de CICECH como de AHG. Hemos transmitido esta inquietud al concejal Luna, enfatizando la urgencia de encontrar soluciones que permitan a las empresas afrontar estos incrementos sin comprometer la sustentabilidad de sus negocios.<\/p>\n\n\n\n<p>Entendemos que este desaf\u00edo no solo afecta a nuestros asociados sino que tiene un impacto directo en la econom\u00eda local y en el bienestar de toda la comunidad de Trelew. Por ello, hemos propuesto la creaci\u00f3n de un espacio de di\u00e1logo entre las asociaciones, la cooperativa el\u00e9ctrica y las autoridades municipales, con el objetivo de explorar alternativas que permitan revisar y ajustar la estructura tarifaria actual, buscando un equilibrio justo que favorezca el desarrollo econ\u00f3mico y social de nuestra regi\u00f3n.<\/p>\n\n\n\n<p>Reafirmamos nuestro compromiso de trabajar de manera conjunta y coordinada, abogando por la adopci\u00f3n de medidas que no solo contemplen la realidad econ\u00f3mica empresarial sino que tambi\u00e9n contribuyan al desarrollo sostenible de Trelew. Estamos convencidos de que, a trav\u00e9s del di\u00e1logo y la colaboraci\u00f3n, encontraremos las v\u00edas para superar estos retos, asegurando un futuro pr\u00f3spero para todos los sectores involucrados.<\/p>\n\n\n\n<p>Finalizamos expresando nuestra disposici\u00f3n a mantener una comunicaci\u00f3n abierta y constructiva con todas las partes interesadas, confiando en que juntos podremos llegar a acuerdos beneficiosos que nos permitan avanzar hacia un escenario m\u00e1s favorable para nuestra comunidad.<\/p>\n\n\n\n<p><\/p>\n\n\n\n<p><strong>Directorio de la C\u00e1mara de Industria y Comercio del Este del Chubut (CICECH)<br>Directorio de la Asociaci\u00f3n Hotelera Gastron\u00f3mica (AHG)<\/strong><\/p>\n\n\n\n<figure class=\"wp-block-image size-large\"><img decoding=\"async\" loading=\"lazy\" width=\"1024\" height=\"576\" src=\"https:\/\/cicech.org\/wp-content\/uploads\/2024\/04\/240408Cooperativa-1024x576.jpg\" alt=\"\" class=\"wp-image-706\" srcset=\"https:\/\/cicech.org\/wp-content\/uploads\/2024\/04\/240408Cooperativa-1024x576.jpg 1024w, https:\/\/cicech.org\/wp-content\/uploads\/2024\/04\/240408Cooperativa-300x169.jpg 300w, https:\/\/cicech.org\/wp-content\/uploads\/2024\/04\/240408Cooperativa-768x432.jpg 768w, https:\/\/cicech.org\/wp-content\/uploads\/2024\/04\/240408Cooperativa.jpg 1280w\" sizes=\"(max-width: 1024px) 100vw, 1024px\" \/><\/figure>\n","protected":false},"excerpt":{"rendered":"<p>Los miembros del directorio de la C\u00e1mara de Industria y Comercio del Este del Chubut (CICECH) y de la Asociaci\u00f3n Hotelera Gastron\u00f3mica de Trelew y Valle del Chubut (AHG) desean informar a sus asociados y a la comunidad en general sobre la reuni\u00f3n mantenida con el concejal Mart\u00edn Luna, centrada en la situaci\u00f3n actual de [&hellip;]<\/p>\n","protected":false},"author":1,"featured_media":0,"comment_status":"open","ping_status":"open","sticky":false,"template":"","format":"standard","meta":{"om_disable_all_campaigns":false,"_monsterinsights_skip_tracking":false,"_monsterinsights_sitenote_active":false,"_monsterinsights_sitenote_note":"","_monsterinsights_sitenote_category":0},"categories":[11],"tags":[],"aioseo_notices":[],"_links":{"self":[{"href":"https:\/\/cicech.org\/index.php\/wp-json\/wp\/v2\/posts\/705"}],"collection":[{"href":"https:\/\/cicech.org\/index.php\/wp-json\/wp\/v2\/posts"}],"about":[{"href":"https:\/\/cicech.org\/index.php\/wp-json\/wp\/v2\/types\/post"}],"author":[{"embeddable":true,"href":"https:\/\/cicech.org\/index.php\/wp-json\/wp\/v2\/users\/1"}],"replies":[{"embeddable":true,"href":"https:\/\/cicech.org\/index.php\/wp-json\/wp\/v2\/comments?post=705"}],"version-history":[{"count":5,"href":"https:\/\/cicech.org\/index.php\/wp-json\/wp\/v2\/posts\/705\/revisions"}],"predecessor-version":[{"id":712,"href":"https:\/\/cicech.org\/index.php\/wp-json\/wp\/v2\/posts\/705\/revisions\/712"}],"wp:attachment":[{"href":"https:\/\/cicech.org\/index.php\/wp-json\/wp\/v2\/media?parent=705"}],"wp:term":[{"taxonomy":"category","embeddable":true,"href":"https:\/\/cicech.org\/index.php\/wp-json\/wp\/v2\/categories?post=705"},{"taxonomy":"post_tag","embeddable":true,"href":"https:\/\/cicech.org\/index.php\/wp-json\/wp\/v2\/tags?post=705"}],"curies":[{"name":"wp","href":"https:\/\/api.w.org\/{rel}","templated":true}]}}