{"id":931,"date":"2024-09-13T17:52:37","date_gmt":"2024-09-13T20:52:37","guid":{"rendered":"https:\/\/cicech.org\/?p=931"},"modified":"2024-09-13T17:52:37","modified_gmt":"2024-09-13T20:52:37","slug":"cicech-participo-en-el-25-aniversario-del-profesorado-de-educacion-fisica-del-ides","status":"publish","type":"post","link":"https:\/\/cicech.org\/index.php\/2024\/09\/13\/cicech-participo-en-el-25-aniversario-del-profesorado-de-educacion-fisica-del-ides\/","title":{"rendered":"CICECH particip\u00f3 en el 25\u00b0 Aniversario del Profesorado de Educaci\u00f3n F\u00edsica del IDES"},"content":{"rendered":"\n<p>Hoy viernes 13 de septiembre, tuvimos el honor de participar en el 25\u00b0 Aniversario del Profesorado de Educaci\u00f3n F\u00edsica del Instituto de Estudios Superiores (IDES). El evento, que result\u00f3 ser una experiencia emocionante y llena de camarader\u00eda, se llev\u00f3 a cabo en nuestro Predio Ferial CICECH, ubicado en Josiah Williams 649, Trelew.<\/p>\n\n\n\n<figure class=\"wp-block-image size-large\"><img decoding=\"async\" loading=\"lazy\" width=\"1024\" height=\"576\" src=\"https:\/\/cicech.org\/wp-content\/uploads\/2024\/09\/240913IDES1-1024x576.jpg\" alt=\"\" class=\"wp-image-932\" srcset=\"https:\/\/cicech.org\/wp-content\/uploads\/2024\/09\/240913IDES1-1024x576.jpg 1024w, https:\/\/cicech.org\/wp-content\/uploads\/2024\/09\/240913IDES1-300x169.jpg 300w, https:\/\/cicech.org\/wp-content\/uploads\/2024\/09\/240913IDES1-768x432.jpg 768w, https:\/\/cicech.org\/wp-content\/uploads\/2024\/09\/240913IDES1.jpg 1280w\" sizes=\"(max-width: 1024px) 100vw, 1024px\" \/><\/figure>\n\n\n\n<p>La celebraci\u00f3n cont\u00f3 con la presencia de los fundadores del IDES, la Lic. Arturo R. Arroquy y la Lic. Alicia L. Vila, junto al Rector Alberto C. Alecio. Durante el acto, el Concejo Deliberante de Trelew realiz\u00f3 una declaraci\u00f3n de inter\u00e9s, reconociendo la invaluable contribuci\u00f3n del profesorado a la educaci\u00f3n y al desarrollo de nuestra comunidad.<\/p>\n\n\n\n<figure class=\"wp-block-image size-large\"><img decoding=\"async\" loading=\"lazy\" width=\"1024\" height=\"576\" src=\"https:\/\/cicech.org\/wp-content\/uploads\/2024\/09\/240913IDES3-1024x576.jpg\" alt=\"\" class=\"wp-image-933\" srcset=\"https:\/\/cicech.org\/wp-content\/uploads\/2024\/09\/240913IDES3-1024x576.jpg 1024w, https:\/\/cicech.org\/wp-content\/uploads\/2024\/09\/240913IDES3-300x169.jpg 300w, https:\/\/cicech.org\/wp-content\/uploads\/2024\/09\/240913IDES3-768x432.jpg 768w, https:\/\/cicech.org\/wp-content\/uploads\/2024\/09\/240913IDES3.jpg 1280w\" sizes=\"(max-width: 1024px) 100vw, 1024px\" \/><\/figure>\n\n\n\n<p>Actualmente, el profesorado del IDES funciona en nuestro predio de CICECH, y los organizadores expresaron su agradecimiento por poder utilizar nuestras instalaciones para sus actividades. Esto nos motiva a seguir apoyando eventos educativos y culturales que benefician a la ciudad de Trelew.<\/p>\n\n\n\n<figure class=\"wp-block-image size-large\"><img decoding=\"async\" loading=\"lazy\" width=\"1024\" height=\"576\" src=\"https:\/\/cicech.org\/wp-content\/uploads\/2024\/09\/240913IDES2-1024x576.jpg\" alt=\"\" class=\"wp-image-934\" srcset=\"https:\/\/cicech.org\/wp-content\/uploads\/2024\/09\/240913IDES2-1024x576.jpg 1024w, https:\/\/cicech.org\/wp-content\/uploads\/2024\/09\/240913IDES2-300x169.jpg 300w, https:\/\/cicech.org\/wp-content\/uploads\/2024\/09\/240913IDES2-768x432.jpg 768w, https:\/\/cicech.org\/wp-content\/uploads\/2024\/09\/240913IDES2.jpg 1280w\" sizes=\"(max-width: 1024px) 100vw, 1024px\" \/><\/figure>\n\n\n\n<p>Agradecemos a todos los asistentes y felicitamos al IDES por sus 25 a\u00f1os de dedicaci\u00f3n y excelencia en la formaci\u00f3n de profesionales en educaci\u00f3n f\u00edsica. Esperamos continuar colaborando en futuros proyectos que impulsen el crecimiento y bienestar de nuestra comunidad.<\/p>\n","protected":false},"excerpt":{"rendered":"<p>Hoy viernes 13 de septiembre, tuvimos el honor de participar en el 25\u00b0 Aniversario del Profesorado de Educaci\u00f3n F\u00edsica del Instituto de Estudios Superiores (IDES). El evento, que result\u00f3 ser una experiencia emocionante y llena de camarader\u00eda, se llev\u00f3 a cabo en nuestro Predio Ferial CICECH, ubicado en Josiah Williams 649, Trelew. La celebraci\u00f3n cont\u00f3 [&hellip;]<\/p>\n","protected":false},"author":1,"featured_media":0,"comment_status":"open","ping_status":"open","sticky":false,"template":"","format":"standard","meta":{"om_disable_all_campaigns":false,"_monsterinsights_skip_tracking":false,"_monsterinsights_sitenote_active":false,"_monsterinsights_sitenote_note":"","_monsterinsights_sitenote_category":0},"categories":[10,9],"tags":[],"aioseo_notices":[],"_links":{"self":[{"href":"https:\/\/cicech.org\/index.php\/wp-json\/wp\/v2\/posts\/931"}],"collection":[{"href":"https:\/\/cicech.org\/index.php\/wp-json\/wp\/v2\/posts"}],"about":[{"href":"https:\/\/cicech.org\/index.php\/wp-json\/wp\/v2\/types\/post"}],"author":[{"embeddable":true,"href":"https:\/\/cicech.org\/index.php\/wp-json\/wp\/v2\/users\/1"}],"replies":[{"embeddable":true,"href":"https:\/\/cicech.org\/index.php\/wp-json\/wp\/v2\/comments?post=931"}],"version-history":[{"count":1,"href":"https:\/\/cicech.org\/index.php\/wp-json\/wp\/v2\/posts\/931\/revisions"}],"predecessor-version":[{"id":935,"href":"https:\/\/cicech.org\/index.php\/wp-json\/wp\/v2\/posts\/931\/revisions\/935"}],"wp:attachment":[{"href":"https:\/\/cicech.org\/index.php\/wp-json\/wp\/v2\/media?parent=931"}],"wp:term":[{"taxonomy":"category","embeddable":true,"href":"https:\/\/cicech.org\/index.php\/wp-json\/wp\/v2\/categories?post=931"},{"taxonomy":"post_tag","embeddable":true,"href":"https:\/\/cicech.org\/index.php\/wp-json\/wp\/v2\/tags?post=931"}],"curies":[{"name":"wp","href":"https:\/\/api.w.org\/{rel}","templated":true}]}}